{"id":11454,"date":"2021-12-01T16:06:28","date_gmt":"2021-12-01T15:06:28","guid":{"rendered":"https:\/\/wp.jochen.hayek.name\/blog-de\/?p=11454"},"modified":"2021-12-01T16:06:29","modified_gmt":"2021-12-01T15:06:29","slug":"einstellung-monatserster-urlaubsanspruch","status":"publish","type":"post","link":"https:\/\/wp.jochen.hayek.name\/blog-de\/2021\/12\/01\/einstellung-monatserster-urlaubsanspruch\/","title":{"rendered":"bei Einstellung als Angestellter ist der Monatserste das wirklich richtige Datum \u2013 der Urlaubsanspruch \u2026"},"content":{"rendered":"\n<p class=\"wp-block-paragraph\">Wenn einen die Personalabteilung nicht zum ersten Kalendertag sondern zum ersten Arbeitstag des Kalendermonats einstellt, dann nimmt sie einem damit den Urlaubsanspruch f\u00fcr den ersten Monat. Nach \u00a75 Bundesurlaubsgesetz sind f\u00fcr den Urlaubsanspruch n\u00e4mlich nur volle Monate zu ber\u00fccksichtigen. Also Obacht!<\/p>\n","protected":false},"excerpt":{"rendered":"<p>Wenn einen die Personalabteilung nicht zum ersten Kalendertag sondern zum ersten Arbeitstag des Kalendermonats einstellt, dann nimmt sie einem damit den Urlaubsanspruch f\u00fcr den ersten Monat. Nach \u00a75 Bundesurlaubsgesetz sind f\u00fcr den Urlaubsanspruch n\u00e4mlich nur volle Monate zu ber\u00fccksichtigen. Also Obacht!<\/p>\n","protected":false},"author":1,"featured_media":0,"comment_status":"open","ping_status":"open","sticky":false,"template":"","format":"standard","meta":{"_crdt_document":"","advanced_seo_description":"","jetpack_seo_html_title":"","jetpack_seo_noindex":false,"jetpack_post_was_ever_published":false,"_jetpack_newsletter_access":"","_jetpack_dont_email_post_to_subs":false,"_jetpack_newsletter_tier_id":0,"_jetpack_memberships_contains_paywalled_content":false,"_jetpack_memberships_contains_paid_content":false,"footnotes":"","jetpack_publicize_message":"","jetpack_publicize_feature_enabled":true,"jetpack_social_post_already_shared":true,"jetpack_social_options":{"image_generator_settings":{"template":"highway","default_image_id":0,"font":"","enabled":false},"version":2},"_share_on_mastodon":"0"},"categories":[86],"tags":[],"class_list":["post-11454","post","type-post","status-publish","format-standard","hentry","category-das-jus"],"share_on_mastodon":{"url":"","error":""},"jetpack_publicize_connections":[],"jetpack_featured_media_url":"","jetpack_sharing_enabled":true,"jetpack_shortlink":"https:\/\/wp.me\/paO0l8-2YK","jetpack_likes_enabled":true,"amp_enabled":true,"_links":{"self":[{"href":"https:\/\/wp.jochen.hayek.name\/blog-de\/wp-json\/wp\/v2\/posts\/11454","targetHints":{"allow":["GET"]}}],"collection":[{"href":"https:\/\/wp.jochen.hayek.name\/blog-de\/wp-json\/wp\/v2\/posts"}],"about":[{"href":"https:\/\/wp.jochen.hayek.name\/blog-de\/wp-json\/wp\/v2\/types\/post"}],"author":[{"embeddable":true,"href":"https:\/\/wp.jochen.hayek.name\/blog-de\/wp-json\/wp\/v2\/users\/1"}],"replies":[{"embeddable":true,"href":"https:\/\/wp.jochen.hayek.name\/blog-de\/wp-json\/wp\/v2\/comments?post=11454"}],"version-history":[{"count":2,"href":"https:\/\/wp.jochen.hayek.name\/blog-de\/wp-json\/wp\/v2\/posts\/11454\/revisions"}],"predecessor-version":[{"id":11456,"href":"https:\/\/wp.jochen.hayek.name\/blog-de\/wp-json\/wp\/v2\/posts\/11454\/revisions\/11456"}],"wp:attachment":[{"href":"https:\/\/wp.jochen.hayek.name\/blog-de\/wp-json\/wp\/v2\/media?parent=11454"}],"wp:term":[{"taxonomy":"category","embeddable":true,"href":"https:\/\/wp.jochen.hayek.name\/blog-de\/wp-json\/wp\/v2\/categories?post=11454"},{"taxonomy":"post_tag","embeddable":true,"href":"https:\/\/wp.jochen.hayek.name\/blog-de\/wp-json\/wp\/v2\/tags?post=11454"}],"curies":[{"name":"wp","href":"https:\/\/api.w.org\/{rel}","templated":true}]}}