{"id":1151,"date":"2011-09-06T04:00:00","date_gmt":"2011-09-06T04:00:00","guid":{"rendered":"http:\/\/www.b.shuttle.de\/hayek\/Hayek\/Jochen\/wp\/blog-de\/2011\/09\/06\/bin-ich-etwa-ein-auslaenderfeind-ein-absurder-vorwurf\/"},"modified":"2011-09-06T04:00:00","modified_gmt":"2011-09-06T04:00:00","slug":"bin-ich-etwa-ein-auslaenderfeind-ein-absurder-vorwurf","status":"publish","type":"post","link":"https:\/\/wp.jochen.hayek.name\/blog-de\/2011\/09\/06\/bin-ich-etwa-ein-auslaenderfeind-ein-absurder-vorwurf\/","title":{"rendered":"bin ich etwa ein Ausl\u00e4nderfeind? ein absurder Vorwurf"},"content":{"rendered":"<p>\t\t\t\tBeim Mittagessen neulich bei einem Auftraggeber in M\u00fcnchen fragte ich einen entfernten neuen Kollegen,\u00a0der wie mein Vater aus einem Nicht-EU-Land stammt, wie er das mit der Arbeitserlaubnis bzw. dem Visum geregelt hat.<\/p>\n<div>\n<\/div>\n<div>\nIch fand das Gespr\u00e4ch nicht auff\u00e4llig. Alle Fragen, dich ich gestellt habe, bekam ich sicher auch schon genauso ohne b\u00f6se Hintergedanken gestellt, als ich in England oder Holland oder Belgien oder in der Schweiz lebte und arbeitete. Seinem eigenen Vernehmen nach, fand Yevgen auch nichts dabei.<\/p>\n<p>Aber seine jungen deutschen Kollegen, die alle diese internationalen Fragen wie rohe Eier behandeln, hielten das f\u00fcr ausgemachten Ausl\u00e4nderhass \u2013 erfuhr ich etliche Tage sp\u00e4ter. Insbesondere den\u00a0Bastian\u00a0hat es wohl heftig gest\u00f6rt. Der Bastian ist so ein junger Mann (aus Brandenburg) mit &#8220;Gewissen&#8221;, wie er meint, und der einen die ganze Zeit ausfragt und ausforscht und beobachtet. Er und ich, wir sa\u00dfen Schreibtisch and Schreibtisch, und er hat es mir tats\u00e4chlich weniger als eine Woche nach jenem omin\u00f6sen Gespr\u00e4ch mit Yevgen auch erz\u00e4hlt. Wie dringend ihm das war. Knapp eine Woche sp\u00e4ter.<br \/>\nJedenfalls eskalierte er das (schon bevor er mit mir dar\u00fcber sprach) an der Team-Leitung (dem Scrum-Master) vorbei so in Richtung Gesch\u00e4ftsf\u00fchrung. Na und den Rest kann man sich denken. Das wollten die beim Auftraggeber dem armen Bastian nicht zumuten, dass er neben so einem Ausl\u00e4nderhasser sitzen muss. Aber befragt haben sie mich dazu auch nicht. Dass es den Bastian gest\u00f6rt hat, das hat ihnen gereicht.<\/div>\n<div>\n<\/div>\n<div>\nNochmal zur\u00fcck auf &#8220;nach dem Gespr\u00e4ch mit Yevgen&#8221;! Also, was soll ich sagen: Das Gespr\u00e4ch dar\u00fcber hatte die Runde gemacht.<\/div>\n<div>\n<\/div>\n<div>\nIch bekam von den jungschen Kerls eine Reputation als Ausl\u00e4nderfeind. So schnell geht das. Obwohl mich \u00a0der Bastian mehr kannte, als mir recht wahr, und obwohl ihm bei meiner Vita sehr klar war, dass das ganz unm\u00f6glich wahr. Aber das Spiel gefiel ihm wohl. So eine verdorbene Welt!<\/div>\n<div>\n<\/div>\n<div>\nIch m\u00f6chte mal ein paar Fakten aufz\u00e4hlen.<\/div>\n<div>\n<ul>\n<li>Mein Vater stammt aus Rum\u00e4nien.<\/li>\n<li>Ich selbst habe schon in mehreren und verschiedenen europ\u00e4ischen L\u00e4ndern gearbeitet, zum Teil explizit ohne Arbeitserlaubnis; ich bin also selbst immer wieder Arbeits-Migrant und Ausl\u00e4nder.<\/li>\n<li>Ich habe FreundInnen und Bekannte aus &#8220;aller Herren L\u00e4nder&#8221; von den USA \u00fcber Israel bis Saudi-Arabien.<\/li>\n<li>Mein erster Sohn hat eine polnische Mutter.<\/li>\n<li>Mein zweiter Sohn hat eine brasilianische Mutter.<\/li>\n<li>Die j\u00fcdischen Aspekte dabei m\u00f6chte ich zumindest nicht absolut unerw\u00e4hnt lassen.<\/li>\n<li>Anti-semitische Vorw\u00fcrfe w\u00fcrden dem Ganzen jetzt noch die Krone aufsetzen.<\/li>\n<li>Als Deutscher, den in den 60-er Jahren geboren wurde, bin ich ein Enkel der Generation der\u00a0<i>Holocaust-T\u00e4ter<\/i>, und so dumm, wie sich das anh\u00f6rt: ich trage schwer daran.<\/li>\n<li>Ich habe ein Hebraicum von der der <a href=\"http:\/\/www.hfjs.eu\/\">Hochschule f\u00fcr j\u00fcdische Studien<\/a>.<\/li>\n<\/ul>\n<div>\nMich als einen Ausl\u00e4nderfeind zu betrachten, das ist sehr ungerechtfertigt und das beleidigt mich sehr. Ich denke, ich werde Strafanzeige erstatten gegen den Bastian und den\u00a0Reserve-Offizier Guido mit seinem barschen und zackigen Stil. Denn das darf man solchen Typen\u00a0nicht durchgehen lassen. Auf keinen Fall. Das bin ich auch meinen nicht ganz so deutschen S\u00f6hnen schuldig. Siehe oben!<\/p>\n<p>Den netten und guten Menschen, die ich bei diesem Auftraggeber auch traf, w\u00fcnsche ich alles Gute.<\/p>\n<p>Den anderen m\u00f6chte ich ins Stammbuch schreiben:<br \/>\nDenkt mal, bitte, etwas l\u00e4nger nach, bevor ihr jemandem am n\u00e4chsten Baum aufh\u00e4ngt!<\/p>\n<p>Update 2011-09-09-16-18:<br \/>\nIch hatte heute Morgen die Agentur zwischen mir und diesem Kunden um eine detaillierte Erl\u00e4uterung des Vorganges gebeten.<br \/>\nDiese Erl\u00e4uterung bekomme ich nicht, wurde mir gerade telefonisch mitgeteilt von der eigentlich wirklich netten Mitarbeiterin der Agentur. Im Gegenteil, ich wurde &#8220;geschimpft&#8221; daf\u00fcr, dass ich nicht stillhalte. Tja, Bayern! Da muss man eben ganz brav hinhalten, wenn einem von oben eine gescheuert wird.<br \/>\nAber weil diese Agentur eine der st\u00e4rksten in &#8216;Schland ist, wird&#8217;s wohl mit dem juristischen Nachspiel nix werden. Denn wer will sich&#8217;s schon mit ihr verpatzen?<br \/>\nAber wenn ich mir&#8217;s bereits mit ihr verpatzt habe?<\/p>\n<\/div>\n<\/div>\n","protected":false},"excerpt":{"rendered":"<p>Beim Mittagessen neulich bei einem Auftraggeber in M\u00fcnchen fragte ich einen entfernten neuen Kollegen,\u00a0der wie mein Vater aus einem Nicht-EU-Land stammt, wie er das mit der Arbeitserlaubnis bzw. dem Visum geregelt hat. Ich fand das Gespr\u00e4ch nicht auff\u00e4llig. Alle Fragen, dich ich gestellt habe, bekam ich sicher auch schon genauso ohne b\u00f6se Hintergedanken gestellt, als [&hellip;]<\/p>\n","protected":false},"author":1,"featured_media":0,"comment_status":"open","ping_status":"open","sticky":false,"template":"","format":"standard","meta":{"_crdt_document":"","advanced_seo_description":"","jetpack_seo_html_title":"","jetpack_seo_noindex":false,"jetpack_post_was_ever_published":false,"_jetpack_newsletter_access":"","_jetpack_dont_email_post_to_subs":false,"_jetpack_newsletter_tier_id":0,"_jetpack_memberships_contains_paywalled_content":false,"_jetpack_memberships_contains_paid_content":false,"footnotes":"","jetpack_publicize_message":"","jetpack_publicize_feature_enabled":true,"jetpack_social_post_already_shared":false,"jetpack_social_options":{"image_generator_settings":{"template":"highway","default_image_id":0,"font":"","enabled":false},"version":2},"_share_on_mastodon":"0"},"categories":[87],"tags":[],"class_list":["post-1151","post","type-post","status-publish","format-standard","hentry","category-das-leben"],"share_on_mastodon":{"url":"","error":""},"jetpack_publicize_connections":[],"jetpack_featured_media_url":"","jetpack_sharing_enabled":true,"jetpack_shortlink":"https:\/\/wp.me\/paO0l8-iz","jetpack_likes_enabled":true,"amp_enabled":true,"_links":{"self":[{"href":"https:\/\/wp.jochen.hayek.name\/blog-de\/wp-json\/wp\/v2\/posts\/1151","targetHints":{"allow":["GET"]}}],"collection":[{"href":"https:\/\/wp.jochen.hayek.name\/blog-de\/wp-json\/wp\/v2\/posts"}],"about":[{"href":"https:\/\/wp.jochen.hayek.name\/blog-de\/wp-json\/wp\/v2\/types\/post"}],"author":[{"embeddable":true,"href":"https:\/\/wp.jochen.hayek.name\/blog-de\/wp-json\/wp\/v2\/users\/1"}],"replies":[{"embeddable":true,"href":"https:\/\/wp.jochen.hayek.name\/blog-de\/wp-json\/wp\/v2\/comments?post=1151"}],"version-history":[{"count":0,"href":"https:\/\/wp.jochen.hayek.name\/blog-de\/wp-json\/wp\/v2\/posts\/1151\/revisions"}],"wp:attachment":[{"href":"https:\/\/wp.jochen.hayek.name\/blog-de\/wp-json\/wp\/v2\/media?parent=1151"}],"wp:term":[{"taxonomy":"category","embeddable":true,"href":"https:\/\/wp.jochen.hayek.name\/blog-de\/wp-json\/wp\/v2\/categories?post=1151"},{"taxonomy":"post_tag","embeddable":true,"href":"https:\/\/wp.jochen.hayek.name\/blog-de\/wp-json\/wp\/v2\/tags?post=1151"}],"curies":[{"name":"wp","href":"https:\/\/api.w.org\/{rel}","templated":true}]}}