{"id":12907,"date":"2022-11-21T08:00:00","date_gmt":"2022-11-21T07:00:00","guid":{"rendered":"https:\/\/wp.jochen.hayek.name\/blog-de\/?p=12907"},"modified":"2022-12-20T16:18:58","modified_gmt":"2022-12-20T15:18:58","slug":"raben-kalender-2022-11-21","status":"publish","type":"post","link":"https:\/\/wp.jochen.hayek.name\/blog-de\/2022\/11\/21\/raben-kalender-2022-11-21\/","title":{"rendered":"Kalender-Blatt vom 21. November 2022"},"content":{"rendered":"\n<blockquote class=\"wp-block-quote is-layout-flow wp-block-quote-is-layout-flow\">\n<p class=\"wp-block-paragraph\">Das Pfarrhaus gilt als &#8220;kulturelle Institution&#8221;, &#8220;Hort der Bildung und Bollwerk gegen s\u00e4kularen Sinnverlust&#8221; (Wikipedia). Das Wirtshaus leistet all das besser und schon seit den Tavernen der R\u00f6mer.<\/p>\n<cite>Barbara H\u00f6fler in der &#8220;NZZ am Sonntag&#8221;<\/cite><\/blockquote>\n\n\n\n<ul class=\"wp-block-list\">\n<li><a href=\"https:\/\/de.wikipedia.org\/wiki\/Barbara_H\u00f6fler\">https:\/\/de.wikipedia.org\/wiki\/Barbara_H\u00f6fler<\/a> ?<\/li>\n\n\n\n<li><a href=\"https:\/\/de.wikipedia.org\/wiki\/NZZ_am_Sonntag\">https:\/\/de.wikipedia.org\/wiki\/NZZ_am_Sonntag<\/a><\/li>\n\n\n\n<li><a href=\"https:\/\/magazin.nzz.ch\/magazin\/liebeserklaerung-an-restaurants-bars-und-cafes-ld.1555411\">https:\/\/magazin.nzz.ch\/magazin\/liebeserklaerung-an-restaurants-bars-und-cafes-ld.1555411<\/a> (09.05.2020, 21.45 Uhr)<\/li>\n<\/ul>\n\n\n","protected":false},"excerpt":{"rendered":"<p>Das Pfarrhaus gilt als &#8220;kulturelle Institution&#8221;, &#8220;Hort der Bildung und Bollwerk gegen s\u00e4kularen Sinnverlust&#8221; (Wikipedia). Das Wirtshaus leistet all das besser und schon seit den Tavernen der R\u00f6mer. Barbara H\u00f6fler in der &#8220;NZZ am Sonntag&#8221;<\/p>\n","protected":false},"author":1,"featured_media":0,"comment_status":"open","ping_status":"open","sticky":false,"template":"","format":"standard","meta":{"_crdt_document":"","advanced_seo_description":"","jetpack_seo_html_title":"","jetpack_seo_noindex":false,"jetpack_post_was_ever_published":false,"_jetpack_newsletter_access":"","_jetpack_dont_email_post_to_subs":false,"_jetpack_newsletter_tier_id":0,"_jetpack_memberships_contains_paywalled_content":false,"_jetpack_memberships_contains_paid_content":false,"footnotes":"","jetpack_publicize_message":"","jetpack_publicize_feature_enabled":true,"jetpack_social_post_already_shared":true,"jetpack_social_options":{"image_generator_settings":{"template":"highway","default_image_id":0,"font":"","enabled":false},"version":2},"_share_on_mastodon":"0"},"categories":[418],"tags":[],"class_list":["post-12907","post","type-post","status-publish","format-standard","hentry","category-raben-kalender"],"share_on_mastodon":{"url":"","error":""},"jetpack_publicize_connections":[],"jetpack_featured_media_url":"","jetpack_sharing_enabled":true,"jetpack_shortlink":"https:\/\/wp.me\/paO0l8-3mb","jetpack_likes_enabled":true,"amp_enabled":true,"_links":{"self":[{"href":"https:\/\/wp.jochen.hayek.name\/blog-de\/wp-json\/wp\/v2\/posts\/12907","targetHints":{"allow":["GET"]}}],"collection":[{"href":"https:\/\/wp.jochen.hayek.name\/blog-de\/wp-json\/wp\/v2\/posts"}],"about":[{"href":"https:\/\/wp.jochen.hayek.name\/blog-de\/wp-json\/wp\/v2\/types\/post"}],"author":[{"embeddable":true,"href":"https:\/\/wp.jochen.hayek.name\/blog-de\/wp-json\/wp\/v2\/users\/1"}],"replies":[{"embeddable":true,"href":"https:\/\/wp.jochen.hayek.name\/blog-de\/wp-json\/wp\/v2\/comments?post=12907"}],"version-history":[{"count":4,"href":"https:\/\/wp.jochen.hayek.name\/blog-de\/wp-json\/wp\/v2\/posts\/12907\/revisions"}],"predecessor-version":[{"id":13208,"href":"https:\/\/wp.jochen.hayek.name\/blog-de\/wp-json\/wp\/v2\/posts\/12907\/revisions\/13208"}],"wp:attachment":[{"href":"https:\/\/wp.jochen.hayek.name\/blog-de\/wp-json\/wp\/v2\/media?parent=12907"}],"wp:term":[{"taxonomy":"category","embeddable":true,"href":"https:\/\/wp.jochen.hayek.name\/blog-de\/wp-json\/wp\/v2\/categories?post=12907"},{"taxonomy":"post_tag","embeddable":true,"href":"https:\/\/wp.jochen.hayek.name\/blog-de\/wp-json\/wp\/v2\/tags?post=12907"}],"curies":[{"name":"wp","href":"https:\/\/api.w.org\/{rel}","templated":true}]}}