{"id":12909,"date":"2022-11-23T08:00:00","date_gmt":"2022-11-23T07:00:00","guid":{"rendered":"https:\/\/wp.jochen.hayek.name\/blog-de\/?p=12909"},"modified":"2022-11-23T00:39:54","modified_gmt":"2022-11-22T23:39:54","slug":"raben-kalender-2022-11-23","status":"publish","type":"post","link":"https:\/\/wp.jochen.hayek.name\/blog-de\/2022\/11\/23\/raben-kalender-2022-11-23\/","title":{"rendered":"Kalender-Blatt vom 23. November 2022"},"content":{"rendered":"\n<blockquote class=\"wp-block-quote is-layout-flow wp-block-quote-is-layout-flow\">\n<p class=\"wp-block-paragraph\">Zum Gl\u00fcck leiden wir nur an der Unerf\u00fcllbarkeit unserer Anspr\u00fcche. Der gro\u00dfe Schlag hat uns noch  nicht getroffen. Immer geht er neben uns nieder.<\/p>\n<cite>Martin Walser, Me\u00dfmers Momente<\/cite><\/blockquote>\n\n\n\n<ul class=\"wp-block-list\">\n<li><a href=\"https:\/\/de.wikipedia.org\/wiki\/Martin_Walser\">https:\/\/de.wikipedia.org\/wiki\/Martin_Walser<\/a><\/li>\n\n\n\n<li>Me\u00dfmers Momente \u2013 ISBN <a href=\"https:\/\/de.wikipedia.org\/wiki\/Spezial:ISBN-Suche\/9783498073831\">978-3-498-07383-1<\/a><\/li>\n<\/ul>\n\n\n","protected":false},"excerpt":{"rendered":"<p>Zum Gl\u00fcck leiden wir nur an der Unerf\u00fcllbarkeit unserer Anspr\u00fcche. Der gro\u00dfe Schlag hat uns noch nicht getroffen. Immer geht er neben uns nieder. Martin Walser, Me\u00dfmers Momente<\/p>\n","protected":false},"author":1,"featured_media":0,"comment_status":"open","ping_status":"open","sticky":false,"template":"","format":"standard","meta":{"_crdt_document":"","advanced_seo_description":"","jetpack_seo_html_title":"","jetpack_seo_noindex":false,"jetpack_post_was_ever_published":false,"_jetpack_newsletter_access":"","_jetpack_dont_email_post_to_subs":false,"_jetpack_newsletter_tier_id":0,"_jetpack_memberships_contains_paywalled_content":false,"_jetpack_memberships_contains_paid_content":false,"footnotes":"","jetpack_publicize_message":"","jetpack_publicize_feature_enabled":true,"jetpack_social_post_already_shared":true,"jetpack_social_options":{"image_generator_settings":{"template":"highway","default_image_id":0,"font":"","enabled":false},"version":2},"_share_on_mastodon":"0"},"categories":[418],"tags":[],"class_list":["post-12909","post","type-post","status-publish","format-standard","hentry","category-raben-kalender"],"share_on_mastodon":{"url":"","error":""},"jetpack_publicize_connections":[],"jetpack_featured_media_url":"","jetpack_sharing_enabled":true,"jetpack_shortlink":"https:\/\/wp.me\/paO0l8-3md","jetpack_likes_enabled":true,"amp_enabled":true,"_links":{"self":[{"href":"https:\/\/wp.jochen.hayek.name\/blog-de\/wp-json\/wp\/v2\/posts\/12909","targetHints":{"allow":["GET"]}}],"collection":[{"href":"https:\/\/wp.jochen.hayek.name\/blog-de\/wp-json\/wp\/v2\/posts"}],"about":[{"href":"https:\/\/wp.jochen.hayek.name\/blog-de\/wp-json\/wp\/v2\/types\/post"}],"author":[{"embeddable":true,"href":"https:\/\/wp.jochen.hayek.name\/blog-de\/wp-json\/wp\/v2\/users\/1"}],"replies":[{"embeddable":true,"href":"https:\/\/wp.jochen.hayek.name\/blog-de\/wp-json\/wp\/v2\/comments?post=12909"}],"version-history":[{"count":3,"href":"https:\/\/wp.jochen.hayek.name\/blog-de\/wp-json\/wp\/v2\/posts\/12909\/revisions"}],"predecessor-version":[{"id":13013,"href":"https:\/\/wp.jochen.hayek.name\/blog-de\/wp-json\/wp\/v2\/posts\/12909\/revisions\/13013"}],"wp:attachment":[{"href":"https:\/\/wp.jochen.hayek.name\/blog-de\/wp-json\/wp\/v2\/media?parent=12909"}],"wp:term":[{"taxonomy":"category","embeddable":true,"href":"https:\/\/wp.jochen.hayek.name\/blog-de\/wp-json\/wp\/v2\/categories?post=12909"},{"taxonomy":"post_tag","embeddable":true,"href":"https:\/\/wp.jochen.hayek.name\/blog-de\/wp-json\/wp\/v2\/tags?post=12909"}],"curies":[{"name":"wp","href":"https:\/\/api.w.org\/{rel}","templated":true}]}}