{"id":13146,"date":"2023-01-19T08:00:00","date_gmt":"2023-01-19T07:00:00","guid":{"rendered":"https:\/\/wp.jochen.hayek.name\/blog-de\/?p=13146"},"modified":"2023-01-16T00:52:43","modified_gmt":"2023-01-15T23:52:43","slug":"raben-kalender-2023-01-19","status":"publish","type":"post","link":"https:\/\/wp.jochen.hayek.name\/blog-de\/2023\/01\/19\/raben-kalender-2023-01-19\/","title":{"rendered":"Kalender-Blatt vom 19. Januar 2023"},"content":{"rendered":"\n<blockquote class=\"wp-block-quote is-layout-flow wp-block-quote-is-layout-flow\">\n<p class=\"wp-block-paragraph\">WARTEN<\/p>\n\n\n\n<p class=\"wp-block-paragraph\">Wir warten auf das gro\u00dfe Gl\u00fcck<br>Und, wenn&#8217;s nicht kommt, aufs kleine,<br>Wir warten auf ein Gegenst\u00fcck<br>Und warten doch alleine;<\/p>\n\n\n\n<p class=\"wp-block-paragraph\">Wir warten darauf, dass irgendwer<br>Dem Chef die Grenzen aufzeigt,<br>Wir warten (wird wohl auch nix mehr),<br>Dass Werder wieder aufsteigt \u2013<\/p>\n\n\n\n<p class=\"wp-block-paragraph\">In all dem Dunkel warten wir<br>Auf irgend etwas Lichtes,<br>Und pl\u00f6tzlich ist es da! Nein, hier:<br>Das Ende des Gedichtes.<\/p>\n<cite>Thomas Gsella<\/cite><\/blockquote>\n\n\n\n<ul class=\"wp-block-list\">\n<li><a href=\"https:\/\/de.wikipedia.org\/wiki\/Thomas_Gsella\">https:\/\/de.wikipedia.org\/wiki\/Thomas_Gsella<\/a><\/li>\n<\/ul>\n\n\n","protected":false},"excerpt":{"rendered":"<p>WARTEN Wir warten auf das gro\u00dfe Gl\u00fcckUnd, wenn&#8217;s nicht kommt, aufs kleine,Wir warten auf ein Gegenst\u00fcckUnd warten doch alleine; Wir warten darauf, dass irgendwerDem Chef die Grenzen aufzeigt,Wir warten (wird wohl auch nix mehr),Dass Werder wieder aufsteigt \u2013 In all dem Dunkel warten wirAuf irgend etwas Lichtes,Und pl\u00f6tzlich ist es da! Nein, hier:Das Ende des [&hellip;]<\/p>\n","protected":false},"author":1,"featured_media":0,"comment_status":"open","ping_status":"open","sticky":false,"template":"","format":"standard","meta":{"_crdt_document":"","advanced_seo_description":"","jetpack_seo_html_title":"","jetpack_seo_noindex":false,"jetpack_post_was_ever_published":false,"_jetpack_newsletter_access":"","_jetpack_dont_email_post_to_subs":false,"_jetpack_newsletter_tier_id":0,"_jetpack_memberships_contains_paywalled_content":false,"_jetpack_memberships_contains_paid_content":false,"footnotes":"","jetpack_publicize_message":"","jetpack_publicize_feature_enabled":true,"jetpack_social_post_already_shared":true,"jetpack_social_options":{"image_generator_settings":{"template":"highway","default_image_id":0,"font":"","enabled":false},"version":2},"_share_on_mastodon":"0"},"categories":[418],"tags":[],"class_list":["post-13146","post","type-post","status-publish","format-standard","hentry","category-raben-kalender"],"share_on_mastodon":{"url":"","error":""},"jetpack_publicize_connections":[],"jetpack_featured_media_url":"","jetpack_sharing_enabled":true,"jetpack_shortlink":"https:\/\/wp.me\/paO0l8-3q2","jetpack_likes_enabled":true,"amp_enabled":true,"_links":{"self":[{"href":"https:\/\/wp.jochen.hayek.name\/blog-de\/wp-json\/wp\/v2\/posts\/13146","targetHints":{"allow":["GET"]}}],"collection":[{"href":"https:\/\/wp.jochen.hayek.name\/blog-de\/wp-json\/wp\/v2\/posts"}],"about":[{"href":"https:\/\/wp.jochen.hayek.name\/blog-de\/wp-json\/wp\/v2\/types\/post"}],"author":[{"embeddable":true,"href":"https:\/\/wp.jochen.hayek.name\/blog-de\/wp-json\/wp\/v2\/users\/1"}],"replies":[{"embeddable":true,"href":"https:\/\/wp.jochen.hayek.name\/blog-de\/wp-json\/wp\/v2\/comments?post=13146"}],"version-history":[{"count":2,"href":"https:\/\/wp.jochen.hayek.name\/blog-de\/wp-json\/wp\/v2\/posts\/13146\/revisions"}],"predecessor-version":[{"id":13272,"href":"https:\/\/wp.jochen.hayek.name\/blog-de\/wp-json\/wp\/v2\/posts\/13146\/revisions\/13272"}],"wp:attachment":[{"href":"https:\/\/wp.jochen.hayek.name\/blog-de\/wp-json\/wp\/v2\/media?parent=13146"}],"wp:term":[{"taxonomy":"category","embeddable":true,"href":"https:\/\/wp.jochen.hayek.name\/blog-de\/wp-json\/wp\/v2\/categories?post=13146"},{"taxonomy":"post_tag","embeddable":true,"href":"https:\/\/wp.jochen.hayek.name\/blog-de\/wp-json\/wp\/v2\/tags?post=13146"}],"curies":[{"name":"wp","href":"https:\/\/api.w.org\/{rel}","templated":true}]}}