{"id":13232,"date":"2023-01-06T13:37:17","date_gmt":"2023-01-06T12:37:17","guid":{"rendered":"https:\/\/wp.jochen.hayek.name\/blog-de\/?p=13232"},"modified":"2023-01-06T13:37:19","modified_gmt":"2023-01-06T12:37:19","slug":"bufa-ufa-defa","status":"publish","type":"post","link":"https:\/\/wp.jochen.hayek.name\/blog-de\/2023\/01\/06\/bufa-ufa-defa\/","title":{"rendered":"BUFA, UFA, DEFA"},"content":{"rendered":"\n<ul class=\"wp-block-list\">\n<li><a href=\"https:\/\/de.wikipedia.org\/wiki\/Bild-_und_Filmamt\">https:\/\/de.wikipedia.org\/wiki\/Bild-_und_Filmamt<\/a><\/li>\n<\/ul>\n\n\n\n<blockquote class=\"wp-block-quote is-layout-flow wp-block-quote-is-layout-flow\">\n<p class=\"wp-block-paragraph\">Das Bild- und Filmamt (BUFA) war eine w\u00e4hrend des Ersten Weltkrieges am 30. Januar 1917 von der deutschen Obersten Heeresleitung (OHL) gegr\u00fcndete Einrichtung zur Einbeziehung des Mediums Film in die psychologische Kriegf\u00fchrung. \u2026<\/p>\n<cite><a href=\"https:\/\/de.wikipedia.org\/wiki\/Bild-_und_Filmamt\">https:\/\/de.wikipedia.org\/wiki\/Bild-_und_Filmamt<\/a><\/cite><\/blockquote>\n\n\n\n<p class=\"wp-block-paragraph\">UFA und DEFA stammen von der BUFA ab.<\/p>\n\n\n","protected":false},"excerpt":{"rendered":"<p>Das Bild- und Filmamt (BUFA) war eine w\u00e4hrend des Ersten Weltkrieges am 30. Januar 1917 von der deutschen Obersten Heeresleitung (OHL) gegr\u00fcndete Einrichtung zur Einbeziehung des Mediums Film in die psychologische Kriegf\u00fchrung. \u2026 https:\/\/de.wikipedia.org\/wiki\/Bild-_und_Filmamt UFA und DEFA stammen von der BUFA ab.<\/p>\n","protected":false},"author":1,"featured_media":0,"comment_status":"open","ping_status":"open","sticky":false,"template":"","format":"standard","meta":{"_crdt_document":"","advanced_seo_description":"","jetpack_seo_html_title":"","jetpack_seo_noindex":false,"jetpack_post_was_ever_published":false,"_jetpack_newsletter_access":"","_jetpack_dont_email_post_to_subs":false,"_jetpack_newsletter_tier_id":0,"_jetpack_memberships_contains_paywalled_content":false,"_jetpack_memberships_contains_paid_content":false,"footnotes":"","jetpack_publicize_message":"","jetpack_publicize_feature_enabled":true,"jetpack_social_post_already_shared":true,"jetpack_social_options":{"image_generator_settings":{"template":"highway","default_image_id":0,"font":"","enabled":false},"version":2},"_share_on_mastodon":"0"},"categories":[806],"tags":[],"class_list":["post-13232","post","type-post","status-publish","format-standard","hentry","category-neuere-deutsche-geschichte"],"share_on_mastodon":{"url":"","error":""},"jetpack_publicize_connections":[],"jetpack_featured_media_url":"","jetpack_sharing_enabled":true,"jetpack_shortlink":"https:\/\/wp.me\/paO0l8-3rq","jetpack_likes_enabled":true,"amp_enabled":true,"_links":{"self":[{"href":"https:\/\/wp.jochen.hayek.name\/blog-de\/wp-json\/wp\/v2\/posts\/13232","targetHints":{"allow":["GET"]}}],"collection":[{"href":"https:\/\/wp.jochen.hayek.name\/blog-de\/wp-json\/wp\/v2\/posts"}],"about":[{"href":"https:\/\/wp.jochen.hayek.name\/blog-de\/wp-json\/wp\/v2\/types\/post"}],"author":[{"embeddable":true,"href":"https:\/\/wp.jochen.hayek.name\/blog-de\/wp-json\/wp\/v2\/users\/1"}],"replies":[{"embeddable":true,"href":"https:\/\/wp.jochen.hayek.name\/blog-de\/wp-json\/wp\/v2\/comments?post=13232"}],"version-history":[{"count":2,"href":"https:\/\/wp.jochen.hayek.name\/blog-de\/wp-json\/wp\/v2\/posts\/13232\/revisions"}],"predecessor-version":[{"id":13234,"href":"https:\/\/wp.jochen.hayek.name\/blog-de\/wp-json\/wp\/v2\/posts\/13232\/revisions\/13234"}],"wp:attachment":[{"href":"https:\/\/wp.jochen.hayek.name\/blog-de\/wp-json\/wp\/v2\/media?parent=13232"}],"wp:term":[{"taxonomy":"category","embeddable":true,"href":"https:\/\/wp.jochen.hayek.name\/blog-de\/wp-json\/wp\/v2\/categories?post=13232"},{"taxonomy":"post_tag","embeddable":true,"href":"https:\/\/wp.jochen.hayek.name\/blog-de\/wp-json\/wp\/v2\/tags?post=13232"}],"curies":[{"name":"wp","href":"https:\/\/api.w.org\/{rel}","templated":true}]}}