{"id":137,"date":"2013-10-19T13:15:00","date_gmt":"2013-10-19T13:15:00","guid":{"rendered":"http:\/\/www.b.shuttle.de\/hayek\/Hayek\/Jochen\/wp\/blog-de\/2013\/10\/19\/erklaerpapa-heute-auf-dradio-dlf-oder-wissen-dumm-pejorativ-verwendet\/"},"modified":"2013-10-19T13:15:00","modified_gmt":"2013-10-19T13:15:00","slug":"erklaerpapa-heute-auf-dradio-dlf-oder-wissen-dumm-pejorativ-verwendet","status":"publish","type":"post","link":"https:\/\/wp.jochen.hayek.name\/blog-de\/2013\/10\/19\/erklaerpapa-heute-auf-dradio-dlf-oder-wissen-dumm-pejorativ-verwendet\/","title":{"rendered":"&#8220;Erkl\u00e4rpapa&#8221; &#8211; heute auf dradio (DLF oder Wissen) dumm-pejorativ verwendet"},"content":{"rendered":"<p>\t\t\t\tSuchen auf dradio.de erbrachte bislang keinen Treffer, aber ich w\u00fcrde das schon gerne korrekt und mit Kontext zitieren.<br \/>\nIch hatte bei dem Beitrag nur mit einem Ohr zugeh\u00f6rt, aber hinterher begann sich in mir eine gewisse Wut zu steigern.<br \/>\nWenn der Sprecher auch der Autor war, dann m\u00f6chte ich ihn am liebsten als &#8220;unreifes Fr\u00fcchtchen&#8221; bezeichnen, der eine massive Aversion gegen seine Eltern, Lehrer und weitere Wissensvermittler in sich tr\u00e4gt. Es spricht etwas daf\u00fcr, dass der Beitrag auf D. Wissen gesendet wurde und dass sich in der dortigen Redaktion niemand \u00e4lter als 17,5 befindet.<br \/>\nIch hoffe, ich kann hiermit die unqualifizierte Hetze aus dem Beitrag ablegen.\t\t\t\t<\/p>\n","protected":false},"excerpt":{"rendered":"<p>Suchen auf dradio.de erbrachte bislang keinen Treffer, aber ich w\u00fcrde das schon gerne korrekt und mit Kontext zitieren. Ich hatte bei dem Beitrag nur mit einem Ohr zugeh\u00f6rt, aber hinterher begann sich in mir eine gewisse Wut zu steigern. Wenn der Sprecher auch der Autor war, dann m\u00f6chte ich ihn am liebsten als &#8220;unreifes Fr\u00fcchtchen&#8221; [&hellip;]<\/p>\n","protected":false},"author":1,"featured_media":0,"comment_status":"open","ping_status":"open","sticky":false,"template":"","format":"standard","meta":{"_crdt_document":"","advanced_seo_description":"","jetpack_seo_html_title":"","jetpack_seo_noindex":false,"jetpack_post_was_ever_published":false,"_jetpack_newsletter_access":"","_jetpack_dont_email_post_to_subs":false,"_jetpack_newsletter_tier_id":0,"_jetpack_memberships_contains_paywalled_content":false,"_jetpack_memberships_contains_paid_content":false,"footnotes":"","jetpack_publicize_message":"","jetpack_publicize_feature_enabled":true,"jetpack_social_post_already_shared":false,"jetpack_social_options":{"image_generator_settings":{"template":"highway","default_image_id":0,"font":"","enabled":false},"version":2},"_share_on_mastodon":"0"},"categories":[654,678,680],"tags":[],"class_list":["post-137","post","type-post","status-publish","format-standard","hentry","category-deutschlandfunk","category-dradio","category-dradio-wissen"],"share_on_mastodon":{"url":"","error":""},"jetpack_publicize_connections":[],"jetpack_featured_media_url":"","jetpack_sharing_enabled":true,"jetpack_shortlink":"https:\/\/wp.me\/paO0l8-2d","jetpack_likes_enabled":true,"amp_enabled":true,"_links":{"self":[{"href":"https:\/\/wp.jochen.hayek.name\/blog-de\/wp-json\/wp\/v2\/posts\/137","targetHints":{"allow":["GET"]}}],"collection":[{"href":"https:\/\/wp.jochen.hayek.name\/blog-de\/wp-json\/wp\/v2\/posts"}],"about":[{"href":"https:\/\/wp.jochen.hayek.name\/blog-de\/wp-json\/wp\/v2\/types\/post"}],"author":[{"embeddable":true,"href":"https:\/\/wp.jochen.hayek.name\/blog-de\/wp-json\/wp\/v2\/users\/1"}],"replies":[{"embeddable":true,"href":"https:\/\/wp.jochen.hayek.name\/blog-de\/wp-json\/wp\/v2\/comments?post=137"}],"version-history":[{"count":0,"href":"https:\/\/wp.jochen.hayek.name\/blog-de\/wp-json\/wp\/v2\/posts\/137\/revisions"}],"wp:attachment":[{"href":"https:\/\/wp.jochen.hayek.name\/blog-de\/wp-json\/wp\/v2\/media?parent=137"}],"wp:term":[{"taxonomy":"category","embeddable":true,"href":"https:\/\/wp.jochen.hayek.name\/blog-de\/wp-json\/wp\/v2\/categories?post=137"},{"taxonomy":"post_tag","embeddable":true,"href":"https:\/\/wp.jochen.hayek.name\/blog-de\/wp-json\/wp\/v2\/tags?post=137"}],"curies":[{"name":"wp","href":"https:\/\/api.w.org\/{rel}","templated":true}]}}