{"id":14418,"date":"2023-12-15T08:53:33","date_gmt":"2023-12-15T07:53:33","guid":{"rendered":"https:\/\/wp.jochen.hayek.name\/blog-de\/?p=14418"},"modified":"2023-12-15T08:53:34","modified_gmt":"2023-12-15T07:53:34","slug":"mik","status":"publish","type":"post","link":"https:\/\/wp.jochen.hayek.name\/blog-de\/2023\/12\/15\/mik\/","title":{"rendered":"milit\u00e4risch-industrieller Komplex"},"content":{"rendered":"\n\n\n<p class=\"wp-block-paragraph\">Ich kenne den Begriff wohl aus meiner Schulzeit. Wir hatten da zwar auch &#8220;links-gr\u00fcn-versiffte&#8221; Lehrer, die mit dem Begriff sicher vertraut waren, aber vermutlich kam der Begriff \u00fcber &#8220;die Peers&#8221; (bzw. Mitsch\u00fcler_innen). Oder vielleicht lernte ich den Begriff erst im Studium in Karlsruhe kennen.<\/p>\n\n\n\n<ul class=\"wp-block-list\">\n<li><a href=\"https:\/\/de.wikipedia.org\/wiki\/milit\u00e4risch-industrieller_Komplex\">https:\/\/de.wikipedia.org\/wiki\/milit\u00e4risch-industrieller_Komplex<\/a><\/li>\n\n\n\n<li><a href=\"https:\/\/www.jewiki.net\/wiki\/Udo_Bayer\">https:\/\/www.jewiki.net\/wiki\/Udo_Bayer<\/a> \u2013 mein pr\u00e4gender Lehrer \u2013 seine Witwe mag es gar nicht, dass ich diesen Artikel hier anlegte (wegen des passenden Betreibers, n\u00e4mlich &#8220;MK&#8221;)<\/li>\n\n\n\n<li><a href=\"https:\/\/de.wikipedia.org\/wiki\/Carl-Laemmle-Gymnasium_Laupheim\">https:\/\/de.wikipedia.org\/wiki\/Carl-Laemmle-Gymnasium_Laupheim<\/a> \u2013 mein Gymnasium<\/li>\n<\/ul>\n","protected":false},"excerpt":{"rendered":"<p>Ich kenne den Begriff wohl aus meiner Schulzeit. Wir hatten da zwar auch &#8220;links-gr\u00fcn-versiffte&#8221; Lehrer, die mit dem Begriff sicher vertraut waren, aber vermutlich kam der Begriff \u00fcber &#8220;die Peers&#8221; (bzw. Mitsch\u00fcler_innen). Oder vielleicht lernte ich den Begriff erst im Studium in Karlsruhe kennen.<\/p>\n","protected":false},"author":1,"featured_media":0,"comment_status":"open","ping_status":"open","sticky":false,"template":"","format":"standard","meta":{"_crdt_document":"","advanced_seo_description":"","jetpack_seo_html_title":"","jetpack_seo_noindex":false,"jetpack_post_was_ever_published":false,"_jetpack_newsletter_access":"","_jetpack_dont_email_post_to_subs":false,"_jetpack_newsletter_tier_id":0,"_jetpack_memberships_contains_paywalled_content":false,"_jetpack_memberships_contains_paid_content":false,"footnotes":"","jetpack_publicize_message":"","jetpack_publicize_feature_enabled":false,"jetpack_social_post_already_shared":false,"jetpack_social_options":{"image_generator_settings":{"template":"highway","default_image_id":0,"font":"","enabled":false},"version":2},"_share_on_mastodon":"0"},"categories":[87,167],"tags":[],"class_list":["post-14418","post","type-post","status-publish","format-standard","hentry","category-das-leben","category-gesellschaftsordnung"],"share_on_mastodon":{"url":"","error":""},"jetpack_publicize_connections":[],"jetpack_featured_media_url":"","jetpack_sharing_enabled":true,"jetpack_shortlink":"https:\/\/wp.me\/saO0l8-mik","jetpack_likes_enabled":true,"amp_enabled":true,"_links":{"self":[{"href":"https:\/\/wp.jochen.hayek.name\/blog-de\/wp-json\/wp\/v2\/posts\/14418","targetHints":{"allow":["GET"]}}],"collection":[{"href":"https:\/\/wp.jochen.hayek.name\/blog-de\/wp-json\/wp\/v2\/posts"}],"about":[{"href":"https:\/\/wp.jochen.hayek.name\/blog-de\/wp-json\/wp\/v2\/types\/post"}],"author":[{"embeddable":true,"href":"https:\/\/wp.jochen.hayek.name\/blog-de\/wp-json\/wp\/v2\/users\/1"}],"replies":[{"embeddable":true,"href":"https:\/\/wp.jochen.hayek.name\/blog-de\/wp-json\/wp\/v2\/comments?post=14418"}],"version-history":[{"count":2,"href":"https:\/\/wp.jochen.hayek.name\/blog-de\/wp-json\/wp\/v2\/posts\/14418\/revisions"}],"predecessor-version":[{"id":14420,"href":"https:\/\/wp.jochen.hayek.name\/blog-de\/wp-json\/wp\/v2\/posts\/14418\/revisions\/14420"}],"wp:attachment":[{"href":"https:\/\/wp.jochen.hayek.name\/blog-de\/wp-json\/wp\/v2\/media?parent=14418"}],"wp:term":[{"taxonomy":"category","embeddable":true,"href":"https:\/\/wp.jochen.hayek.name\/blog-de\/wp-json\/wp\/v2\/categories?post=14418"},{"taxonomy":"post_tag","embeddable":true,"href":"https:\/\/wp.jochen.hayek.name\/blog-de\/wp-json\/wp\/v2\/tags?post=14418"}],"curies":[{"name":"wp","href":"https:\/\/api.w.org\/{rel}","templated":true}]}}