{"id":14577,"date":"2024-01-21T16:13:06","date_gmt":"2024-01-21T15:13:06","guid":{"rendered":"https:\/\/wp.jochen.hayek.name\/blog-de\/?p=14577"},"modified":"2024-01-22T18:24:30","modified_gmt":"2024-01-22T17:24:30","slug":"odin","status":"publish","type":"post","link":"https:\/\/wp.jochen.hayek.name\/blog-de\/2024\/01\/21\/odin\/","title":{"rendered":"&#8220;nein, ich bin nicht so traditionell-religi\u00f6s \u2013 ich halte es mehr mit Odin und so&#8221;"},"content":{"rendered":"\n\n\n<ul class=\"wp-block-list\">\n<li><a href=\"https:\/\/de.wikipedia.org\/wiki\/Odin\">https:\/\/de.wikipedia.org\/wiki\/Odin<\/a> \u2013 Hauptgottheit der nordischen Mythologie<\/li>\n<\/ul>\n\n\n\n<p class=\"wp-block-paragraph\">In meiner Jugend fand ich die germanischen Helden- und G\u00f6ttersagen auch ziemlich spannend.<\/p>\n\n\n\n<p class=\"wp-block-paragraph\">Inzwischen erschrecke ich bei solchen Statements und bekomme eine G\u00e4nsehaut.<\/p>\n\n\n\n<p class=\"wp-block-paragraph\">Ich erinnere mich dann aber auch an ein Statement, dass ich wohl auf einem Instagram-Feed von Deutschlandfunk oder so las:<\/p>\n\n\n\n<blockquote class=\"wp-block-quote is-layout-flow wp-block-quote-is-layout-flow\">\n<p class=\"wp-block-paragraph\">wenn jemand nur gebrochen Deutsch spricht, hei\u00dft das, dass er noch eine Sprache spricht.<\/p>\n<\/blockquote>\n\n\n\n<p class=\"wp-block-paragraph\">Ich spreche eben kein T\u00fcrkisch, kein Arabisch, kein Russisch und kein Suaheli. Und wenn ich anfange, Franz\u00f6sisch zu sprechen, schaltet der Portier am Centre Pompidou freiwillig auf Englisch um \u2013 das finde ich sogar echt traurig.<\/p>\n\n\n\n<p class=\"wp-block-paragraph\">Wenn meine Gro\u00dfeltern mit meinem Vater nicht durch &#8220;die Politik&#8221; gezwungen worden w\u00e4ren, aus der angestammten Bukowina wegzuziehen, wohin die KuK-Krone einen Vorvater gerufen hatten und dann zum Ritter machten, w\u00e4re meine Muttersprache jetzt Rum\u00e4nisch oder Ukrainisch oder Russisch. Dann w\u00e4ren meine Lebensvoraussetzungen durchaus wesentlich unterschiedlich.<\/p>\n","protected":false},"excerpt":{"rendered":"<p>In meiner Jugend fand ich die germanischen Helden- und G\u00f6ttersagen auch ziemlich spannend. Inzwischen erschrecke ich bei solchen Statements und bekomme eine G\u00e4nsehaut. Ich erinnere mich dann aber auch an ein Statement, dass ich wohl auf einem Instagram-Feed von Deutschlandfunk oder so las: wenn jemand nur gebrochen Deutsch spricht, hei\u00dft das, dass er noch eine [&hellip;]<\/p>\n","protected":false},"author":1,"featured_media":0,"comment_status":"open","ping_status":"open","sticky":false,"template":"","format":"standard","meta":{"_crdt_document":"","advanced_seo_description":"","jetpack_seo_html_title":"","jetpack_seo_noindex":false,"jetpack_post_was_ever_published":false,"_jetpack_newsletter_access":"","_jetpack_dont_email_post_to_subs":false,"_jetpack_newsletter_tier_id":0,"_jetpack_memberships_contains_paywalled_content":false,"_jetpack_memberships_contains_paid_content":false,"footnotes":"","jetpack_publicize_message":"","jetpack_publicize_feature_enabled":false,"jetpack_social_post_already_shared":false,"jetpack_social_options":{"image_generator_settings":{"template":"highway","default_image_id":0,"font":"","enabled":false},"version":2},"_share_on_mastodon":"0"},"categories":[166],"tags":[],"class_list":["post-14577","post","type-post","status-publish","format-standard","hentry","category-gesellschaft"],"share_on_mastodon":{"url":"","error":""},"jetpack_publicize_connections":[],"jetpack_featured_media_url":"","jetpack_sharing_enabled":true,"jetpack_shortlink":"https:\/\/wp.me\/saO0l8-odin","jetpack_likes_enabled":true,"amp_enabled":true,"_links":{"self":[{"href":"https:\/\/wp.jochen.hayek.name\/blog-de\/wp-json\/wp\/v2\/posts\/14577","targetHints":{"allow":["GET"]}}],"collection":[{"href":"https:\/\/wp.jochen.hayek.name\/blog-de\/wp-json\/wp\/v2\/posts"}],"about":[{"href":"https:\/\/wp.jochen.hayek.name\/blog-de\/wp-json\/wp\/v2\/types\/post"}],"author":[{"embeddable":true,"href":"https:\/\/wp.jochen.hayek.name\/blog-de\/wp-json\/wp\/v2\/users\/1"}],"replies":[{"embeddable":true,"href":"https:\/\/wp.jochen.hayek.name\/blog-de\/wp-json\/wp\/v2\/comments?post=14577"}],"version-history":[{"count":2,"href":"https:\/\/wp.jochen.hayek.name\/blog-de\/wp-json\/wp\/v2\/posts\/14577\/revisions"}],"predecessor-version":[{"id":14584,"href":"https:\/\/wp.jochen.hayek.name\/blog-de\/wp-json\/wp\/v2\/posts\/14577\/revisions\/14584"}],"wp:attachment":[{"href":"https:\/\/wp.jochen.hayek.name\/blog-de\/wp-json\/wp\/v2\/media?parent=14577"}],"wp:term":[{"taxonomy":"category","embeddable":true,"href":"https:\/\/wp.jochen.hayek.name\/blog-de\/wp-json\/wp\/v2\/categories?post=14577"},{"taxonomy":"post_tag","embeddable":true,"href":"https:\/\/wp.jochen.hayek.name\/blog-de\/wp-json\/wp\/v2\/tags?post=14577"}],"curies":[{"name":"wp","href":"https:\/\/api.w.org\/{rel}","templated":true}]}}