{"id":15320,"date":"2025-08-13T18:05:28","date_gmt":"2025-08-13T16:05:28","guid":{"rendered":"https:\/\/wp.jochen.hayek.name\/blog-de\/?p=15320"},"modified":"2025-08-13T20:17:06","modified_gmt":"2025-08-13T18:17:06","slug":"podcast-was-tun-herr-general-280","status":"publish","type":"post","link":"https:\/\/wp.jochen.hayek.name\/blog-de\/2025\/08\/13\/podcast-was-tun-herr-general-280\/","title":{"rendered":"Podcast &#8220;Was tun, Herr General?&#8221;: #280 Russischer Durchbruch bei Pokrowsk?"},"content":{"rendered":"\n<ul class=\"wp-block-list\">\n<li><a href=\"https:\/\/www.mdr.de\/nachrichten\/podcast\/general\/audio-pokrowsk--trump-putin-litauen-100.html\">https:\/\/www.mdr.de\/nachrichten\/podcast\/general\/audio-pokrowsk&#8211;trump-putin-litauen-100.html<\/a><\/li>\n\n\n\n<li><a href=\"https:\/\/de.wikipedia.org\/wiki\/Panzerbrigade_45\">https:\/\/de.wikipedia.org\/wiki\/Panzerbrigade_45<\/a> \u2013 die Panzerbrigade 45 \u201eLitauen\u201c (PzBrig 45) ist eine Brigade des Heeres der Bundeswehr, die dauerhaft in Litauen stationiert und der 10. Panzerdivision unterstellt ist<\/li>\n\n\n\n<li><a href=\"https:\/\/de.wikipedia.org\/wiki\/Christoph_Huber_(General)\">https:\/\/de.wikipedia.org\/wiki\/Christoph_Huber_(General)<\/a> \u2013 Brigadegeneral, Kommandeur der Panzerbrigade 45<\/li>\n<\/ul>\n\n\n\n<p class=\"wp-block-paragraph\">Christoph Huber benutzte eine Vokabel, die ich so in ihrer Kompaktheit noch nicht geh\u00f6rt habe und die auch so im Internet neu ist:<\/p>\n\n\n\n<blockquote class=\"wp-block-quote is-layout-flow wp-block-quote-is-layout-flow\">\n<p class=\"wp-block-paragraph\">Abschreckungsverteidigungsf\u00e4higkeit<\/p>\n<\/blockquote>\n\n\n\n<p class=\"wp-block-paragraph\">Dass &#8220;unsere&#8221; Verteidigungsf\u00e4higkeit ausschlie\u00dflich \/ Haupts\u00e4chlich der Abschreckung dienen soll, ist allerdings lang propagierte Doktrin.<\/p>\n\n\n\n<p class=\"wp-block-paragraph\">Die Briten, die Kanadier und die USA bauen auch in den anderen beiden baltischen Staaten plus Polen jeweils eine Brigade auf:<\/p>\n\n\n\n<ul class=\"wp-block-list\">\n<li><a href=\"https:\/\/www.bmvg.de\/de\/themen\/dossiers\/die-nato-staerke-und-dialog\/schutz-der-nato-ostflanke\">https:\/\/www.bmvg.de\/de\/themen\/dossiers\/die-nato-staerke-und-dialog\/schutz-der-nato-ostflanke<\/a><\/li>\n<\/ul>\n\n\n\n\n\n<ul class=\"wp-block-list\">\n<li>Deutschland in Litauen<\/li>\n\n\n\n<li><a href=\"https:\/\/de.wikipedia.org\/wiki\/Multinational_Brigade_Latvia\">https:\/\/de.wikipedia.org\/wiki\/Multinational_Brigade_Latvia<\/a> \u2013 Kanada in Lettland<\/li>\n\n\n\n<li><a href=\"https:\/\/de.wikipedia.org\/wiki\/EFP-Battlegroup_Estonia\">https:\/\/de.wikipedia.org\/wiki\/EFP-Battlegroup_Estonia<\/a> \u2013 Gro\u00dfbritannien in Estland<\/li>\n\n\n\n<li>die USA in Polen\n<ul class=\"wp-block-list\">\n<li><a href=\"https:\/\/pl.usembassy.gov\/nato_us\/\">https:\/\/pl.usembassy.gov\/nato_us\/<\/a><\/li>\n\n\n\n<li>\u2026<\/li>\n<\/ul>\n<\/li>\n<\/ul>\n","protected":false},"excerpt":{"rendered":"<p>Christoph Huber benutzte eine Vokabel, die ich so in ihrer Kompaktheit noch nicht geh\u00f6rt habe und die auch so im Internet neu ist: Abschreckungsverteidigungsf\u00e4higkeit Dass &#8220;unsere&#8221; Verteidigungsf\u00e4higkeit ausschlie\u00dflich \/ Haupts\u00e4chlich der Abschreckung dienen soll, ist allerdings lang propagierte Doktrin. Die Briten, die Kanadier und die USA bauen auch in den anderen beiden baltischen Staaten plus [&hellip;]<\/p>\n","protected":false},"author":1,"featured_media":0,"comment_status":"open","ping_status":"open","sticky":false,"template":"","format":"standard","meta":{"_crdt_document":"","advanced_seo_description":"","jetpack_seo_html_title":"","jetpack_seo_noindex":false,"jetpack_post_was_ever_published":false,"_jetpack_newsletter_access":"","_jetpack_dont_email_post_to_subs":false,"_jetpack_newsletter_tier_id":0,"_jetpack_memberships_contains_paywalled_content":false,"_jetpack_memberships_contains_paid_content":false,"footnotes":"","jetpack_publicize_message":"","jetpack_publicize_feature_enabled":true,"jetpack_social_post_already_shared":true,"jetpack_social_options":{"image_generator_settings":{"template":"highway","default_image_id":0,"font":"","enabled":false},"version":2},"_share_on_mastodon":"0"},"categories":[325],"tags":[1595,1594],"class_list":["post-15320","post","type-post","status-publish","format-standard","hentry","category-militaer","tag-abschreckung","tag-verteidigung"],"share_on_mastodon":{"url":"","error":""},"jetpack_publicize_connections":[],"jetpack_featured_media_url":"","jetpack_sharing_enabled":true,"jetpack_shortlink":"https:\/\/wp.me\/paO0l8-3Z6","jetpack_likes_enabled":true,"amp_enabled":true,"_links":{"self":[{"href":"https:\/\/wp.jochen.hayek.name\/blog-de\/wp-json\/wp\/v2\/posts\/15320","targetHints":{"allow":["GET"]}}],"collection":[{"href":"https:\/\/wp.jochen.hayek.name\/blog-de\/wp-json\/wp\/v2\/posts"}],"about":[{"href":"https:\/\/wp.jochen.hayek.name\/blog-de\/wp-json\/wp\/v2\/types\/post"}],"author":[{"embeddable":true,"href":"https:\/\/wp.jochen.hayek.name\/blog-de\/wp-json\/wp\/v2\/users\/1"}],"replies":[{"embeddable":true,"href":"https:\/\/wp.jochen.hayek.name\/blog-de\/wp-json\/wp\/v2\/comments?post=15320"}],"version-history":[{"count":5,"href":"https:\/\/wp.jochen.hayek.name\/blog-de\/wp-json\/wp\/v2\/posts\/15320\/revisions"}],"predecessor-version":[{"id":15325,"href":"https:\/\/wp.jochen.hayek.name\/blog-de\/wp-json\/wp\/v2\/posts\/15320\/revisions\/15325"}],"wp:attachment":[{"href":"https:\/\/wp.jochen.hayek.name\/blog-de\/wp-json\/wp\/v2\/media?parent=15320"}],"wp:term":[{"taxonomy":"category","embeddable":true,"href":"https:\/\/wp.jochen.hayek.name\/blog-de\/wp-json\/wp\/v2\/categories?post=15320"},{"taxonomy":"post_tag","embeddable":true,"href":"https:\/\/wp.jochen.hayek.name\/blog-de\/wp-json\/wp\/v2\/tags?post=15320"}],"curies":[{"name":"wp","href":"https:\/\/api.w.org\/{rel}","templated":true}]}}