{"id":15449,"date":"2026-02-10T11:18:55","date_gmt":"2026-02-10T10:18:55","guid":{"rendered":"https:\/\/wp.jochen.hayek.name\/blog-de\/?p=15449"},"modified":"2026-02-10T11:18:55","modified_gmt":"2026-02-10T10:18:55","slug":"telekom-festnetz-dsl-anschlussubernahme-leitungs-id","status":"publish","type":"post","link":"https:\/\/wp.jochen.hayek.name\/blog-de\/2026\/02\/10\/telekom-festnetz-dsl-anschlussubernahme-leitungs-id\/","title":{"rendered":"Telekom, Festnetz, DSL, Anschluss\u00fcbernahme, Leitungs-ID, \u2026"},"content":{"rendered":"\n<p class=\"wp-block-paragraph\">Man schlie\u00dft den DSL-Router an die Telekom-Dose an, \u2026, und geht im Browser eines Ger\u00e4tes im WLAN des DSL-Routers dann auf diese Web-Seite:<\/p>\n\n\n\n<ul class=\"wp-block-list\">\n<li><a href=\"https:\/\/anschlussinfo.de\/\">https:\/\/anschlussinfo.de\/<\/a><\/li>\n<\/ul>\n\n\n\n<p class=\"wp-block-paragraph\">Ja, dazu m\u00fcssen die Anmeldedaten an diesem Anschluss noch nicht funktionieren. Wenn die DSL-Dose noch &#8220;unter Strom&#8221; ist, dann kann man sich da die Leitungs-ID anzeigen lassen. Die hilft der Telekom, den Anschluss ohne Eingreifen vor Ort deinem Konto zuzuordnen.<\/p>\n\n\n\n<p class=\"wp-block-paragraph\">Bedauerlicherweise konnte die Telekom telefonisch ohne die Leitungs-ID auch nicht einmal unter Nennung des Namens des &#8220;Vormieters&#8221; oder einer genauen Beschreibung (der Lage) des Objektes den Anschluss in ihrem Verzeichnis finden. Es &#8220;musste&#8221; jemand vor Ort erscheinen und &#8220;Sachen unternehmen&#8221;.<\/p>\n\n\n\n<p class=\"wp-block-paragraph\">In meinem Fall war die DSL-Dose allerdings nicht mehr &#8220;unter Strom&#8221;, wohl wegen jahrelanger Inaktivit\u00e4t der Dose.<\/p>\n\n\n\n<p class=\"wp-block-paragraph\">Ich m\u00f6chte nicht ausschlie\u00dfen, dass auch bei (aktiven) DSL-Dosen auch jedes Konto an jeder Dose funktioniert, solange die Dose &#8220;unter Strom&#8221; ist.<\/p>\n\n\n\n<h2 class=\"wp-block-heading\">Vodafone-TV-Kabel-Anschluss<\/h2>\n\n\n\n\n\n\n\n\n\n\n\n<p class=\"wp-block-paragraph\">\u00dcbrigens: Bei meinem Vodafone-TV-Kabel-Anschluss (im gleichen Objekt) funktionierte das &#8220;ganz anders&#8221; und vergleichsweise trivial:<\/p>\n\n\n\n<ul class=\"wp-block-list\">\n<li>Passenden (kostenlosen) Adapter bei Vodafone telefonisch anfordern (die wissen schon, was gemeint ist \u2013 der traditionelle TV-Anschluss hat nur 2 Dose hat nur 2 Dosen und keine Dose &#8220;f\u00fcrs Internet&#8221; \u2013 der Adapter hat 3 Dosen und schleust aus dem traditionellen Anschluss noch eine Dose &#8220;f\u00fcrs Internet&#8221; aus) und einstecken!<\/li>\n\n\n\n<li>Router anschlie\u00dfen und fertig.<\/li>\n\n\n\n<li>Kein weiterer Heckmeck \u2013 bei dieser Art Anschluss funktioniert (anscheinend) jedes Konto an jeder Dose, ohne dass Vodafone irgend etwas einstellen muss.<\/li>\n<\/ul>\n\n\n\n<p class=\"wp-block-paragraph\">Meine pers\u00f6nliche vorl\u00e4ufige Hypothese: Die Telekom deaktiviert unbenutzte DSL-Dosen &#8220;einigerma\u00dfen schnell&#8221;; Vodafone deaktiviert unbenutzte Kabel-TV-Dosen gar nicht (schnell).<\/p>\n\n\n\n<p class=\"wp-block-paragraph\">Einen \u00e4hnlichen passenden Artikel h\u00e4tte ich selbst sehr, sehr gerne gefunden.<\/p>\n\n\n\n<h2 class=\"wp-block-heading\">Glossar<\/h2>\n\n\n\n<ul class=\"wp-block-list\">\n<li>aktive Dose, Dose unter Strom \u2013 ich benutze das einigerma\u00dfen synonym<\/li>\n\n\n\n<li>unbenutzte Dose: niemand hat die Dose \u00fcber einige Zeit verwendet<\/li>\n<\/ul>\n\n\n","protected":false},"excerpt":{"rendered":"<p>Man schlie\u00dft den DSL-Router an die Telekom-Dose an, \u2026, und geht im Browser eines Ger\u00e4tes im WLAN des DSL-Routers dann auf diese Web-Seite: Ja, dazu m\u00fcssen die Anmeldedaten an diesem Anschluss noch nicht funktionieren. Wenn die DSL-Dose noch &#8220;unter Strom&#8221; ist, dann kann man sich da die Leitungs-ID anzeigen lassen. Die hilft der Telekom, den [&hellip;]<\/p>\n","protected":false},"author":1,"featured_media":0,"comment_status":"open","ping_status":"open","sticky":false,"template":"","format":"standard","meta":{"_crdt_document":"","advanced_seo_description":"","jetpack_seo_html_title":"","jetpack_seo_noindex":false,"jetpack_post_was_ever_published":false,"_jetpack_newsletter_access":"","_jetpack_dont_email_post_to_subs":false,"_jetpack_newsletter_tier_id":0,"_jetpack_memberships_contains_paywalled_content":false,"_jetpack_memberships_contains_paid_content":false,"footnotes":"","jetpack_publicize_message":"","jetpack_publicize_feature_enabled":false,"jetpack_social_post_already_shared":false,"jetpack_social_options":{"image_generator_settings":{"template":"highway","default_image_id":0,"font":"","enabled":false},"version":2},"_share_on_mastodon":"1"},"categories":[652,108],"tags":[],"class_list":["post-15449","post","type-post","status-publish","format-standard","hentry","category-deutsche-telekom","category-dsl"],"share_on_mastodon":{"url":"","error":""},"jetpack_publicize_connections":[],"jetpack_featured_media_url":"","jetpack_sharing_enabled":true,"jetpack_shortlink":"https:\/\/wp.me\/paO0l8-41b","jetpack_likes_enabled":true,"amp_enabled":true,"_links":{"self":[{"href":"https:\/\/wp.jochen.hayek.name\/blog-de\/wp-json\/wp\/v2\/posts\/15449","targetHints":{"allow":["GET"]}}],"collection":[{"href":"https:\/\/wp.jochen.hayek.name\/blog-de\/wp-json\/wp\/v2\/posts"}],"about":[{"href":"https:\/\/wp.jochen.hayek.name\/blog-de\/wp-json\/wp\/v2\/types\/post"}],"author":[{"embeddable":true,"href":"https:\/\/wp.jochen.hayek.name\/blog-de\/wp-json\/wp\/v2\/users\/1"}],"replies":[{"embeddable":true,"href":"https:\/\/wp.jochen.hayek.name\/blog-de\/wp-json\/wp\/v2\/comments?post=15449"}],"version-history":[{"count":1,"href":"https:\/\/wp.jochen.hayek.name\/blog-de\/wp-json\/wp\/v2\/posts\/15449\/revisions"}],"predecessor-version":[{"id":15450,"href":"https:\/\/wp.jochen.hayek.name\/blog-de\/wp-json\/wp\/v2\/posts\/15449\/revisions\/15450"}],"wp:attachment":[{"href":"https:\/\/wp.jochen.hayek.name\/blog-de\/wp-json\/wp\/v2\/media?parent=15449"}],"wp:term":[{"taxonomy":"category","embeddable":true,"href":"https:\/\/wp.jochen.hayek.name\/blog-de\/wp-json\/wp\/v2\/categories?post=15449"},{"taxonomy":"post_tag","embeddable":true,"href":"https:\/\/wp.jochen.hayek.name\/blog-de\/wp-json\/wp\/v2\/tags?post=15449"}],"curies":[{"name":"wp","href":"https:\/\/api.w.org\/{rel}","templated":true}]}}