{"id":1722,"date":"2011-03-13T11:21:00","date_gmt":"2011-03-13T11:21:00","guid":{"rendered":"http:\/\/www.b.shuttle.de\/hayek\/Hayek\/Jochen\/wp\/blog-de\/2011\/03\/13\/50-jahre-eichmann-prozess-hannah-arendt-nicht-nur-als-korrespondentin\/"},"modified":"2011-03-13T11:21:00","modified_gmt":"2011-03-13T11:21:00","slug":"50-jahre-eichmann-prozess-hannah-arendt-nicht-nur-als-korrespondentin","status":"publish","type":"post","link":"https:\/\/wp.jochen.hayek.name\/blog-de\/2011\/03\/13\/50-jahre-eichmann-prozess-hannah-arendt-nicht-nur-als-korrespondentin\/","title":{"rendered":"50 Jahre Eichmann-Prozess \u2013 Hannah Arendt (nicht nur) als Korrespondentin"},"content":{"rendered":"<p>\t\t\t\t<a href=\"http:\/\/www.dradio.de\/dlf\/sendungen\/essayunddiskurs\/1408616\/\">Abstrakte Arbeit und destruktive Sehnsucht &#8211; 50 Jahre Eichmann-Prozess (1 3) | Essay und Diskurs | Deutschlandfunk<\/a><\/p>\n<blockquote><p>\n<i>Vor 50 Jahren wurde dem Naziverbrecher Adolf Eichmann in Jerusalem der Prozess gemacht. Die Philosophin und Publizistin Hannah Arendt hat das Verfahren vor Ort verfolgt. Ihre Charakterisierung Eichmanns als &#8220;Banalit\u00e4t des B\u00f6sen&#8221; l\u00f6ste damals heftige Kontroversen aus. Daran erinnert auch der Essay von Wolfgang Dre\u00dfen zum Auftakt unserer dreiteiligen Serie \u00fcber den Eichmann-Prozess.\u00a0<\/i><\/p><\/blockquote>\n<p>Bis heute kannte ich nur ihren Namen, heute nach dem Aufstehen und quasi noch vor dem Fr\u00fchst\u00fcck h\u00f6rte ich im Radio diesen Essay auf <a href=\"http:\/\/wissen.dradio.de\/\">DRadio Wissen<\/a>. Was f\u00fcr ein Gl\u00fcck, dass ich diesen intuitiven morgendlichen Griff nach dradio habe und dass ich dabei so (relativ) h\u00e4ufig auf so interessante Beitr\u00e4ge sto\u00dfe, die meine zahlreichen Wissensl\u00fccken ein wenig auff\u00fcllen.<\/p>\n<p>Wie schade, dass mein Sohn Baruch mit Unterst\u00fctzung seiner Mutter so eine Entfernung zu mir h\u00e4lt und ich von &#8220;all dem&#8221; quasi nichts an ihn weitergeben kann. Das ist aus vielen Gr\u00fcnden traurig.\t\t\t\t<\/p>\n","protected":false},"excerpt":{"rendered":"<p>Abstrakte Arbeit und destruktive Sehnsucht &#8211; 50 Jahre Eichmann-Prozess (1 3) | Essay und Diskurs | Deutschlandfunk Vor 50 Jahren wurde dem Naziverbrecher Adolf Eichmann in Jerusalem der Prozess gemacht. Die Philosophin und Publizistin Hannah Arendt hat das Verfahren vor Ort verfolgt. Ihre Charakterisierung Eichmanns als &#8220;Banalit\u00e4t des B\u00f6sen&#8221; l\u00f6ste damals heftige Kontroversen aus. Daran [&hellip;]<\/p>\n","protected":false},"author":1,"featured_media":0,"comment_status":"open","ping_status":"open","sticky":false,"template":"","format":"standard","meta":{"_crdt_document":"","advanced_seo_description":"","jetpack_seo_html_title":"","jetpack_seo_noindex":false,"jetpack_post_was_ever_published":false,"_jetpack_newsletter_access":"","_jetpack_dont_email_post_to_subs":false,"_jetpack_newsletter_tier_id":0,"_jetpack_memberships_contains_paywalled_content":false,"_jetpack_memberships_contains_paid_content":false,"footnotes":"","jetpack_publicize_message":"","jetpack_publicize_feature_enabled":true,"jetpack_social_post_already_shared":false,"jetpack_social_options":{"image_generator_settings":{"template":"highway","default_image_id":0,"font":"","enabled":false},"version":2},"_share_on_mastodon":"0"},"categories":[654,678,680],"tags":[],"class_list":["post-1722","post","type-post","status-publish","format-standard","hentry","category-deutschlandfunk","category-dradio","category-dradio-wissen"],"share_on_mastodon":{"url":"","error":""},"jetpack_publicize_connections":[],"jetpack_featured_media_url":"","jetpack_sharing_enabled":true,"jetpack_shortlink":"https:\/\/wp.me\/paO0l8-rM","jetpack_likes_enabled":true,"amp_enabled":true,"_links":{"self":[{"href":"https:\/\/wp.jochen.hayek.name\/blog-de\/wp-json\/wp\/v2\/posts\/1722","targetHints":{"allow":["GET"]}}],"collection":[{"href":"https:\/\/wp.jochen.hayek.name\/blog-de\/wp-json\/wp\/v2\/posts"}],"about":[{"href":"https:\/\/wp.jochen.hayek.name\/blog-de\/wp-json\/wp\/v2\/types\/post"}],"author":[{"embeddable":true,"href":"https:\/\/wp.jochen.hayek.name\/blog-de\/wp-json\/wp\/v2\/users\/1"}],"replies":[{"embeddable":true,"href":"https:\/\/wp.jochen.hayek.name\/blog-de\/wp-json\/wp\/v2\/comments?post=1722"}],"version-history":[{"count":0,"href":"https:\/\/wp.jochen.hayek.name\/blog-de\/wp-json\/wp\/v2\/posts\/1722\/revisions"}],"wp:attachment":[{"href":"https:\/\/wp.jochen.hayek.name\/blog-de\/wp-json\/wp\/v2\/media?parent=1722"}],"wp:term":[{"taxonomy":"category","embeddable":true,"href":"https:\/\/wp.jochen.hayek.name\/blog-de\/wp-json\/wp\/v2\/categories?post=1722"},{"taxonomy":"post_tag","embeddable":true,"href":"https:\/\/wp.jochen.hayek.name\/blog-de\/wp-json\/wp\/v2\/tags?post=1722"}],"curies":[{"name":"wp","href":"https:\/\/api.w.org\/{rel}","templated":true}]}}