{"id":194,"date":"2013-09-07T13:49:00","date_gmt":"2013-09-07T13:49:00","guid":{"rendered":"http:\/\/www.b.shuttle.de\/hayek\/Hayek\/Jochen\/wp\/blog-de\/2013\/09\/07\/avm-fritzwlan-repeater-dvb-c\/"},"modified":"2019-09-11T11:55:58","modified_gmt":"2019-09-11T09:55:58","slug":"avm-fritzwlan-repeater-dvb-c","status":"publish","type":"post","link":"https:\/\/wp.jochen.hayek.name\/blog-de\/2013\/09\/07\/avm-fritzwlan-repeater-dvb-c\/","title":{"rendered":"AVM FRITZ!WLAN Repeater DVB-C"},"content":{"rendered":"<ul>\n<li><a title=\"http:\/\/www.avm.de\/de\/News\/artikel\/2013\/ifa_fritzwlan_repeater_dvbc.html\" href=\"http:\/\/www.avm.de\/de\/News\/artikel\/2013\/ifa_fritzwlan_repeater_dvbc.html\">http:\/\/www.avm.de\/de\/News\/artikel\/2013\/ifa_fritzwlan_repeater_dvbc.html<\/a><\/li>\n<li><a title=\"http:\/\/www.avm.de\/en\/news\/artikel\/2013\/ifa_fritzwlan_repeater_dvbc.html\" href=\"http:\/\/www.avm.de\/en\/news\/artikel\/2013\/ifa_fritzwlan_repeater_dvbc.html\">http:\/\/www.avm.de\/en\/news\/artikel\/2013\/ifa_fritzwlan_repeater_dvbc.html<\/a>\u00a0(auf Englisch)<\/li>\n<li><a title=\"http:\/\/www.avm.de\/de\/Presse\/Informationen\/2013\/2013_09_04_ifa.php3\" href=\"http:\/\/www.avm.de\/de\/Presse\/Informationen\/2013\/2013_09_04_ifa.php3\">http:\/\/www.avm.de\/de\/Presse\/Informationen\/2013\/2013_09_04_ifa.php3<\/a><\/li>\n<li><a href=\"http:\/\/www.teltarif.de\/avm-fritz-wlan-repeater-dvb-c-2-tuner\/news\/52481.html\">http:\/\/www.teltarif.de\/avm-fritz-wlan-repeater-dvb-c-2-tuner\/news\/52481.html<\/a><\/li>\n<\/ul>\n<p>Mal schauen, ab wann das Ding wirklich auf dem Markt verf\u00fcgbar sein wird und was sie daf\u00fcr verlangen werden!<\/p>\n<p>Update 2014-01-11: Irgend etwas Brauchbares im DVB-Bereich, um meine I.T. anzuschlie\u00dfen, m\u00f6chte ich demn\u00e4chst wirklich haben. Alles, worauf ich stie\u00df:<\/p>\n<ul>\n<li>DVB-x-Stick an Raspberry-Pi anschlie\u00dfen<\/li>\n<li>DVB-x-Stick an Synologoy-NAS anschlie\u00dfen<\/li>\n<\/ul>\n<p>\u2026 sieht mir nach &#8220;wenig nachhaltig&#8221; und einem Haufen Gefriemel aus.<\/p>\n<p>Die Integration in einen WLAN-Repeater der nicht allerneuesten WLAN-Generation allerdings \u2026<\/p>\n<p>Nach wie vor kann ich keine konkrete Ank\u00fcndigung darauf sehen. Na, dann vielleicht zur CeBIT?!?\t\t\t\t<\/p>\n","protected":false},"excerpt":{"rendered":"<p>http:\/\/www.avm.de\/de\/News\/artikel\/2013\/ifa_fritzwlan_repeater_dvbc.html http:\/\/www.avm.de\/en\/news\/artikel\/2013\/ifa_fritzwlan_repeater_dvbc.html\u00a0(auf Englisch) http:\/\/www.avm.de\/de\/Presse\/Informationen\/2013\/2013_09_04_ifa.php3 http:\/\/www.teltarif.de\/avm-fritz-wlan-repeater-dvb-c-2-tuner\/news\/52481.html Mal schauen, ab wann das Ding wirklich auf dem Markt verf\u00fcgbar sein wird und was sie daf\u00fcr verlangen werden! Update 2014-01-11: Irgend etwas Brauchbares im DVB-Bereich, um meine I.T. anzuschlie\u00dfen, m\u00f6chte ich demn\u00e4chst wirklich haben. Alles, worauf ich stie\u00df: DVB-x-Stick an Raspberry-Pi anschlie\u00dfen DVB-x-Stick an Synologoy-NAS anschlie\u00dfen \u2026 sieht mir [&hellip;]<\/p>\n","protected":false},"author":1,"featured_media":0,"comment_status":"open","ping_status":"open","sticky":false,"template":"","format":"standard","meta":{"_crdt_document":"","advanced_seo_description":"","jetpack_seo_html_title":"","jetpack_seo_noindex":false,"jetpack_post_was_ever_published":false,"_jetpack_newsletter_access":"","_jetpack_dont_email_post_to_subs":false,"_jetpack_newsletter_tier_id":0,"_jetpack_memberships_contains_paywalled_content":false,"_jetpack_memberships_contains_paid_content":false,"footnotes":"","jetpack_publicize_message":"","jetpack_publicize_feature_enabled":true,"jetpack_social_post_already_shared":false,"jetpack_social_options":{"image_generator_settings":{"template":"highway","default_image_id":0,"font":"","enabled":false},"version":2},"_share_on_mastodon":"0"},"categories":[33,352],"tags":[],"class_list":["post-194","post","type-post","status-publish","format-standard","hentry","category-avm","category-nicht-zugeordnet"],"share_on_mastodon":{"url":"","error":""},"jetpack_publicize_connections":[],"jetpack_featured_media_url":"","jetpack_sharing_enabled":true,"jetpack_shortlink":"https:\/\/wp.me\/paO0l8-38","jetpack_likes_enabled":true,"amp_enabled":true,"_links":{"self":[{"href":"https:\/\/wp.jochen.hayek.name\/blog-de\/wp-json\/wp\/v2\/posts\/194","targetHints":{"allow":["GET"]}}],"collection":[{"href":"https:\/\/wp.jochen.hayek.name\/blog-de\/wp-json\/wp\/v2\/posts"}],"about":[{"href":"https:\/\/wp.jochen.hayek.name\/blog-de\/wp-json\/wp\/v2\/types\/post"}],"author":[{"embeddable":true,"href":"https:\/\/wp.jochen.hayek.name\/blog-de\/wp-json\/wp\/v2\/users\/1"}],"replies":[{"embeddable":true,"href":"https:\/\/wp.jochen.hayek.name\/blog-de\/wp-json\/wp\/v2\/comments?post=194"}],"version-history":[{"count":1,"href":"https:\/\/wp.jochen.hayek.name\/blog-de\/wp-json\/wp\/v2\/posts\/194\/revisions"}],"predecessor-version":[{"id":10329,"href":"https:\/\/wp.jochen.hayek.name\/blog-de\/wp-json\/wp\/v2\/posts\/194\/revisions\/10329"}],"wp:attachment":[{"href":"https:\/\/wp.jochen.hayek.name\/blog-de\/wp-json\/wp\/v2\/media?parent=194"}],"wp:term":[{"taxonomy":"category","embeddable":true,"href":"https:\/\/wp.jochen.hayek.name\/blog-de\/wp-json\/wp\/v2\/categories?post=194"},{"taxonomy":"post_tag","embeddable":true,"href":"https:\/\/wp.jochen.hayek.name\/blog-de\/wp-json\/wp\/v2\/tags?post=194"}],"curies":[{"name":"wp","href":"https:\/\/api.w.org\/{rel}","templated":true}]}}