{"id":1966,"date":"2010-08-13T09:13:00","date_gmt":"2010-08-13T09:13:00","guid":{"rendered":"http:\/\/www.b.shuttle.de\/hayek\/Hayek\/Jochen\/wp\/blog-de\/2010\/08\/13\/moderatorinnen-des-deutschlandfunk-und-ihre-anti-web-2-0-haltung\/"},"modified":"2010-08-13T09:13:00","modified_gmt":"2010-08-13T09:13:00","slug":"moderatorinnen-des-deutschlandfunk-und-ihre-anti-web-2-0-haltung","status":"publish","type":"post","link":"https:\/\/wp.jochen.hayek.name\/blog-de\/2010\/08\/13\/moderatorinnen-des-deutschlandfunk-und-ihre-anti-web-2-0-haltung\/","title":{"rendered":"ModeratorInnen des Deutschlandfunk und ihre Anti-Web-2.0-Haltung"},"content":{"rendered":"<p>\t\t\t\tGerade l\u00e4uft im Deutschlandfunk eine Sendung \u00fcber das Eltern-Kind-Verh\u00e4ltnis (und die Gespr\u00e4chsrunde l\u00e4uft sehr vielseitig und sehr gut), und wieder einmal (und an einer \u00fcberfl\u00fcssigen Stelle) muss eine Moderatorin dieses Senders ihre dinosaurierm\u00e4\u00dfige\u00a0Anti-Web-2.0-Haltung raush\u00e4ngen: &#8220;<i>Das ist so schlimm, wie wenn die Eltern auf Facebook sind<\/i>.&#8221;<\/p>\n<p>Ich sch\u00e4tze diesen Sender wirklich \u00fcber alles, aber k\u00f6nnten seine ModeratorInnen in der subkutanen Vermittlung ihrer Anti-Haltungen nicht etwas zur\u00fcckhaltender sein, vor allem wenn sie so r\u00fcckw\u00e4rtsgewandt sind?\t\t\t\t<\/p>\n","protected":false},"excerpt":{"rendered":"<p>Gerade l\u00e4uft im Deutschlandfunk eine Sendung \u00fcber das Eltern-Kind-Verh\u00e4ltnis (und die Gespr\u00e4chsrunde l\u00e4uft sehr vielseitig und sehr gut), und wieder einmal (und an einer \u00fcberfl\u00fcssigen Stelle) muss eine Moderatorin dieses Senders ihre dinosaurierm\u00e4\u00dfige\u00a0Anti-Web-2.0-Haltung raush\u00e4ngen: &#8220;Das ist so schlimm, wie wenn die Eltern auf Facebook sind.&#8221; Ich sch\u00e4tze diesen Sender wirklich \u00fcber alles, aber k\u00f6nnten seine [&hellip;]<\/p>\n","protected":false},"author":1,"featured_media":0,"comment_status":"open","ping_status":"open","sticky":false,"template":"","format":"standard","meta":{"_crdt_document":"","advanced_seo_description":"","jetpack_seo_html_title":"","jetpack_seo_noindex":false,"jetpack_post_was_ever_published":false,"_jetpack_newsletter_access":"","_jetpack_dont_email_post_to_subs":false,"_jetpack_newsletter_tier_id":0,"_jetpack_memberships_contains_paywalled_content":false,"_jetpack_memberships_contains_paid_content":false,"footnotes":"","jetpack_publicize_message":"","jetpack_publicize_feature_enabled":true,"jetpack_social_post_already_shared":false,"jetpack_social_options":{"image_generator_settings":{"template":"highway","default_image_id":0,"font":"","enabled":false},"version":2},"_share_on_mastodon":"0"},"categories":[654,678,580],"tags":[],"class_list":["post-1966","post","type-post","status-publish","format-standard","hentry","category-deutschlandfunk","category-dradio","category-web-2-0"],"share_on_mastodon":{"url":"","error":""},"jetpack_publicize_connections":[],"jetpack_featured_media_url":"","jetpack_sharing_enabled":true,"jetpack_shortlink":"https:\/\/wp.me\/paO0l8-vI","jetpack_likes_enabled":true,"amp_enabled":true,"_links":{"self":[{"href":"https:\/\/wp.jochen.hayek.name\/blog-de\/wp-json\/wp\/v2\/posts\/1966","targetHints":{"allow":["GET"]}}],"collection":[{"href":"https:\/\/wp.jochen.hayek.name\/blog-de\/wp-json\/wp\/v2\/posts"}],"about":[{"href":"https:\/\/wp.jochen.hayek.name\/blog-de\/wp-json\/wp\/v2\/types\/post"}],"author":[{"embeddable":true,"href":"https:\/\/wp.jochen.hayek.name\/blog-de\/wp-json\/wp\/v2\/users\/1"}],"replies":[{"embeddable":true,"href":"https:\/\/wp.jochen.hayek.name\/blog-de\/wp-json\/wp\/v2\/comments?post=1966"}],"version-history":[{"count":0,"href":"https:\/\/wp.jochen.hayek.name\/blog-de\/wp-json\/wp\/v2\/posts\/1966\/revisions"}],"wp:attachment":[{"href":"https:\/\/wp.jochen.hayek.name\/blog-de\/wp-json\/wp\/v2\/media?parent=1966"}],"wp:term":[{"taxonomy":"category","embeddable":true,"href":"https:\/\/wp.jochen.hayek.name\/blog-de\/wp-json\/wp\/v2\/categories?post=1966"},{"taxonomy":"post_tag","embeddable":true,"href":"https:\/\/wp.jochen.hayek.name\/blog-de\/wp-json\/wp\/v2\/tags?post=1966"}],"curies":[{"name":"wp","href":"https:\/\/api.w.org\/{rel}","templated":true}]}}