{"id":2165,"date":"2009-10-31T15:53:00","date_gmt":"2009-10-31T15:53:00","guid":{"rendered":"http:\/\/www.b.shuttle.de\/hayek\/Hayek\/Jochen\/wp\/blog-de\/2009\/10\/31\/ipv6-und-die-deutsche-telekom\/"},"modified":"2009-10-31T15:53:00","modified_gmt":"2009-10-31T15:53:00","slug":"ipv6-und-die-deutsche-telekom","status":"publish","type":"post","link":"https:\/\/wp.jochen.hayek.name\/blog-de\/2009\/10\/31\/ipv6-und-die-deutsche-telekom\/","title":{"rendered":"IPv6 und die Deutsche Telekom"},"content":{"rendered":"<p>\t\t\t\tIch sah mal wieder eine Ank\u00fcndigung, dass dem\u00e4chst ein Firmware-Update meines Routers mich in den Lage versetzen w\u00fcrde, WAN- und LAN-seitig IPv6 einzusetzen.<br \/>\nSch\u00f6n, aber spielt denn dann auch mein nicht ganz so kleiner ISP (die Deutsche Telekom) da mit?<br \/>\nEinfache Frage, einfache Antwort, denke ich.<br \/>\nAls ich die Anfrage per e-mail stellte, wurde ich erst einmal nach meinem Router gefragt und darauf hingewiesen, dass diese Frage nur beantwortet w\u00fcrde, wenn mein Router bei der Deutschen Telekom erworben wurde. Diese Antwort hat mich ge\u00e4rgert. Ich habe nochmal nachgehakt, aber meiner Erfahrung nach bekomme ich dann keine Antwort mehr.<br \/>\nUpdate: inzwischen bekam ich h\u00f6flich und ganz nett die Antwort, ihre Produkte benutzten derzeit eben &#8220;noch das \u00e4ltere IPv4-Protokoll. Ein Umstellungsdatum steht noch nicht fest.&#8221;<br \/>\nAls ich die Anfrage telefonisch stellte (wenigstens ist der Telefon-Support kostenlos), wurde ich zweimal weiterverbunden, weil die Frage wohl noch nicht zur FAQ im Call-Center geh\u00f6rt. Der Typ in der Spezialstelle schlie\u00dflich beantwortete die Frage wie folgt: &#8220;Nein, wir k\u00f6nnen Sie bisher noch nicht IPv6-m\u00e4\u00dfig anbinden und wir k\u00f6nnen Ihnen auch noch keinen Termin dazu ank\u00fcndigen, denn IPv6 ist noch kein offizielles Produkt der Deutschen Telekom.&#8221;<\/p>\n","protected":false},"excerpt":{"rendered":"<p>Ich sah mal wieder eine Ank\u00fcndigung, dass dem\u00e4chst ein Firmware-Update meines Routers mich in den Lage versetzen w\u00fcrde, WAN- und LAN-seitig IPv6 einzusetzen. Sch\u00f6n, aber spielt denn dann auch mein nicht ganz so kleiner ISP (die Deutsche Telekom) da mit? Einfache Frage, einfache Antwort, denke ich. Als ich die Anfrage per e-mail stellte, wurde ich [&hellip;]<\/p>\n","protected":false},"author":1,"featured_media":0,"comment_status":"open","ping_status":"open","sticky":false,"template":"","format":"standard","meta":{"_crdt_document":"","advanced_seo_description":"","jetpack_seo_html_title":"","jetpack_seo_noindex":false,"jetpack_post_was_ever_published":false,"_jetpack_newsletter_access":"","_jetpack_dont_email_post_to_subs":false,"_jetpack_newsletter_tier_id":0,"_jetpack_memberships_contains_paywalled_content":false,"_jetpack_memberships_contains_paid_content":false,"footnotes":"","jetpack_publicize_message":"","jetpack_publicize_feature_enabled":true,"jetpack_social_post_already_shared":false,"jetpack_social_options":{"image_generator_settings":{"template":"highway","default_image_id":0,"font":"","enabled":false},"version":2},"_share_on_mastodon":"0"},"categories":[352],"tags":[],"class_list":["post-2165","post","type-post","status-publish","format-standard","hentry","category-nicht-zugeordnet"],"share_on_mastodon":{"url":"","error":""},"jetpack_publicize_connections":[],"jetpack_featured_media_url":"","jetpack_sharing_enabled":true,"jetpack_shortlink":"https:\/\/wp.me\/paO0l8-yV","jetpack_likes_enabled":true,"amp_enabled":true,"_links":{"self":[{"href":"https:\/\/wp.jochen.hayek.name\/blog-de\/wp-json\/wp\/v2\/posts\/2165","targetHints":{"allow":["GET"]}}],"collection":[{"href":"https:\/\/wp.jochen.hayek.name\/blog-de\/wp-json\/wp\/v2\/posts"}],"about":[{"href":"https:\/\/wp.jochen.hayek.name\/blog-de\/wp-json\/wp\/v2\/types\/post"}],"author":[{"embeddable":true,"href":"https:\/\/wp.jochen.hayek.name\/blog-de\/wp-json\/wp\/v2\/users\/1"}],"replies":[{"embeddable":true,"href":"https:\/\/wp.jochen.hayek.name\/blog-de\/wp-json\/wp\/v2\/comments?post=2165"}],"version-history":[{"count":0,"href":"https:\/\/wp.jochen.hayek.name\/blog-de\/wp-json\/wp\/v2\/posts\/2165\/revisions"}],"wp:attachment":[{"href":"https:\/\/wp.jochen.hayek.name\/blog-de\/wp-json\/wp\/v2\/media?parent=2165"}],"wp:term":[{"taxonomy":"category","embeddable":true,"href":"https:\/\/wp.jochen.hayek.name\/blog-de\/wp-json\/wp\/v2\/categories?post=2165"},{"taxonomy":"post_tag","embeddable":true,"href":"https:\/\/wp.jochen.hayek.name\/blog-de\/wp-json\/wp\/v2\/tags?post=2165"}],"curies":[{"name":"wp","href":"https:\/\/api.w.org\/{rel}","templated":true}]}}