{"id":2828,"date":"2014-02-14T17:24:53","date_gmt":"2014-02-14T16:24:53","guid":{"rendered":"http:\/\/www.b.shuttle.de\/hayek\/Hayek\/Jochen\/wp\/blog-de\/?p=2828"},"modified":"2014-02-14T17:24:53","modified_gmt":"2014-02-14T16:24:53","slug":"die-strafrechtlerin-monika-frommel-zum-fall-edathy-bilder-von-nackten-jungs-darf-jeder-besitzen","status":"publish","type":"post","link":"https:\/\/wp.jochen.hayek.name\/blog-de\/2014\/02\/14\/die-strafrechtlerin-monika-frommel-zum-fall-edathy-bilder-von-nackten-jungs-darf-jeder-besitzen\/","title":{"rendered":"Die Strafrechtlerin Monika Frommel zum Fall Edathy: &#8220;Bilder von nackten Jungs darf jeder besitzen&#8221;"},"content":{"rendered":"<ul>\n<li><a href=\"http:\/\/www.deutschlandfunk.de\/ermittlungen-gegen-edathy-bilder-von-nackten-jungs-darf.694.de.html?dram:article_id=277382\">http:\/\/www.deutschlandfunk.de\/ermittlungen-gegen-edathy-bilder-von-nackten-jungs-darf.694.de.html?dram:article_id=277382<\/a><\/li>\n<\/ul>\n<p>Es gibt (kaum \u00fcberraschend) eine Diskrepanz in der nordamerikanischen, der europ\u00e4ischen und der deutschen Begrifflichkeit von Pornographie und Kinderpornographie \u2013 die Details mag man in dem hier kommentierten Artikel bzw. Interview nachlesen. M\u00f6glicherweise sind die Ermittler gerne auf den Fehler hereingefallen, den kanadischen Begriff unbesehen f\u00fcr den deutschen homonymen Begriff zu nehmen. Oder sie taten eben nur so, als w\u00fcssten sie den Unterschied nicht und wussten ihnen sehr wohl und beschlossen aus eigener Antipathie gegen\u00fcber Edathy ihn zu vernichten.<\/p>\n<p>Das ist der wahre Skandal an dieser Sache: Es gibt nicht einmal einen Anfangsverdacht in einer Strafsache. Mit Edathy wird nicht nur unfair, sondern verfassungswidrig und rechtswidrig umgegangen. Ohne fehlenden Anfangsverdacht waren die Durchsuchungen absolut irregul\u00e4r und selbst kriminell. Und es wurde auch im Rahmen dieser verbrecherischen Hausdurchsuchungen nichts Strafw\u00fcrdiges gefunden, nicht einmal etwas, was im Nachhinein den Anfangsverdacht best\u00e4tigt h\u00e4tte.\u2013 was juristisch eh Quatsch w\u00e4re, den entweder es gibt einen korrekten Anfangsverdacht und darauf d\u00fcrfen dann Schritte basieren, oder es gibt eben keinen Anfangsverdacht. So funktioniert Rechtsstaat.<\/p>\n<p>So sehr das die Moralisten von rechts und links auch st\u00f6ren mag, sie haben es bislang vers\u00e4umt, Herrn Edathy und anderen zu verbieten Bildern von Kindern zu betrachten, die ihnen Lust machen m\u00f6gen. Auch meine Geschm\u00e4cker m\u00f6gen jenen Moralisten nicht gefallen, und deshalb ist es jetzt gut, laut das Wort zu ergreifen und auf den Rechsstaat zu pochen.<\/p>\n<p>Aber wird Herr Edathy, wenn beizeiten alle Vorw\u00fcrfe kleinlaut und ohne Bitte um Entschuldigung vaporisiert sein m\u00f6gen, fortan die Gr\u00f6\u00dfe haben (wie seinerzeit Bill Clinton nach Lewinsky), erhobenen Hauptes Freund und Feind zu begegnen und seine Karriere und seine b\u00fcrgerliche Existenz mitten in diesem Land fortzusetzen? Ich hoffe es. Die b\u00fcrgerlichen Moralisten d\u00fcrfen qua begangenes Unrecht nicht am Schluss de facto Recht behalten, weil sich ihre Opfer in Luft aufl\u00f6sen.<\/p>\n<p>P.S.<br \/>\nWir sollten das nicht verwechseln: Edathy wird nicht P\u00e4dophilie vorgeworfen. Aber hierzulande wird doch immer noch eine Menge &#8220;non-standard-Geschmack bzw. -Orientierung&#8221; \u00a0in einen Topf geworfen. Aber vermutlich h\u00e4lt ihn die von den instrumentalisierten Medien beeinflusste \u00d6ffentlichkeit eigentlich daf\u00fcr.\t\t\t\t<\/p>\n","protected":false},"excerpt":{"rendered":"<p>http:\/\/www.deutschlandfunk.de\/ermittlungen-gegen-edathy-bilder-von-nackten-jungs-darf.694.de.html?dram:article_id=277382 Es gibt (kaum \u00fcberraschend) eine Diskrepanz in der nordamerikanischen, der europ\u00e4ischen und der deutschen Begrifflichkeit von Pornographie und Kinderpornographie \u2013 die Details mag man in dem hier kommentierten Artikel bzw. Interview nachlesen. M\u00f6glicherweise sind die Ermittler gerne auf den Fehler hereingefallen, den kanadischen Begriff unbesehen f\u00fcr den deutschen homonymen Begriff zu nehmen. Oder sie [&hellip;]<\/p>\n","protected":false},"author":1,"featured_media":0,"comment_status":"open","ping_status":"closed","sticky":false,"template":"","format":"standard","meta":{"_crdt_document":"","advanced_seo_description":"","jetpack_seo_html_title":"","jetpack_seo_noindex":false,"jetpack_post_was_ever_published":false,"_jetpack_newsletter_access":"","_jetpack_dont_email_post_to_subs":false,"_jetpack_newsletter_tier_id":0,"_jetpack_memberships_contains_paywalled_content":false,"_jetpack_memberships_contains_paid_content":false,"footnotes":"","jetpack_publicize_message":"","jetpack_publicize_feature_enabled":true,"jetpack_social_post_already_shared":false,"jetpack_social_options":{"image_generator_settings":{"template":"highway","default_image_id":0,"font":"","enabled":false},"version":2},"_share_on_mastodon":"0"},"categories":[426,429],"tags":[],"class_list":["post-2828","post","type-post","status-publish","format-standard","hentry","category-recht-und-moral","category-rechtsstaat"],"share_on_mastodon":{"url":"","error":""},"jetpack_publicize_connections":[],"jetpack_featured_media_url":"","jetpack_sharing_enabled":true,"jetpack_shortlink":"https:\/\/wp.me\/paO0l8-JC","jetpack_likes_enabled":true,"amp_enabled":true,"_links":{"self":[{"href":"https:\/\/wp.jochen.hayek.name\/blog-de\/wp-json\/wp\/v2\/posts\/2828","targetHints":{"allow":["GET"]}}],"collection":[{"href":"https:\/\/wp.jochen.hayek.name\/blog-de\/wp-json\/wp\/v2\/posts"}],"about":[{"href":"https:\/\/wp.jochen.hayek.name\/blog-de\/wp-json\/wp\/v2\/types\/post"}],"author":[{"embeddable":true,"href":"https:\/\/wp.jochen.hayek.name\/blog-de\/wp-json\/wp\/v2\/users\/1"}],"replies":[{"embeddable":true,"href":"https:\/\/wp.jochen.hayek.name\/blog-de\/wp-json\/wp\/v2\/comments?post=2828"}],"version-history":[{"count":0,"href":"https:\/\/wp.jochen.hayek.name\/blog-de\/wp-json\/wp\/v2\/posts\/2828\/revisions"}],"wp:attachment":[{"href":"https:\/\/wp.jochen.hayek.name\/blog-de\/wp-json\/wp\/v2\/media?parent=2828"}],"wp:term":[{"taxonomy":"category","embeddable":true,"href":"https:\/\/wp.jochen.hayek.name\/blog-de\/wp-json\/wp\/v2\/categories?post=2828"},{"taxonomy":"post_tag","embeddable":true,"href":"https:\/\/wp.jochen.hayek.name\/blog-de\/wp-json\/wp\/v2\/tags?post=2828"}],"curies":[{"name":"wp","href":"https:\/\/api.w.org\/{rel}","templated":true}]}}