{"id":288,"date":"2013-05-02T13:43:00","date_gmt":"2013-05-02T11:43:00","guid":{"rendered":"http:\/\/www.b.shuttle.de\/hayek\/Hayek\/Jochen\/wp\/blog-de\/2013\/05\/02\/ueber-den-tag-der-arbeit-bei-den-nazis-vor-80-jahren-wurde-der-1-mai-zum-gesetzlichen-feiertag\/"},"modified":"2013-05-02T13:43:00","modified_gmt":"2013-05-02T11:43:00","slug":"ueber-den-tag-der-arbeit-bei-den-nazis-vor-80-jahren-wurde-der-1-mai-zum-gesetzlichen-feiertag","status":"publish","type":"post","link":"https:\/\/wp.jochen.hayek.name\/blog-de\/2013\/05\/02\/ueber-den-tag-der-arbeit-bei-den-nazis-vor-80-jahren-wurde-der-1-mai-zum-gesetzlichen-feiertag\/","title":{"rendered":"\u00dcber den Tag der Arbeit bei den Nazis &#8211; Vor 80 Jahren wurde der 1 Mai zum gesetzlichen Feiertag"},"content":{"rendered":"\n\t\t\t\t\n\t\t\t\t\n<ul class=\"wp-block-list\"><li><a href=\"http:\/\/www.dradio.de\/dlf\/sendungen\/essayunddiskurs\/2087637\/\">http:\/\/www.dradio.de\/dlf\/sendungen\/essayunddiskurs\/2087637\/<\/a><\/li><\/ul>\n\n\n\n<p class=\"wp-block-paragraph\">Der deutsche Historiker und Journalist&nbsp;<a href=\"http:\/\/de.wikipedia.org\/wiki\/G%C3%B6tz_Aly\">G\u00f6tz Aly<\/a> im Gespr\u00e4ch mit Norbert Seitz.<\/p>\n\n\n\n<p class=\"wp-block-paragraph\">Sehr empfehlenswerter Beitrag!!! H\u00f6rte ihn gerade vom Podcast-Feed Essay und Diskurs des <a href=\"http:\/\/de.wikipedia.org\/wiki\/Deutschlandfunk\">DLF<\/a>. Ich h\u00f6rte den Beitrag bereits am Vormittag des 1. Mai, aber mit etlichen Unterbrechungen. Eigentlich m\u00f6chte ich ihn demn\u00e4chst noch einmal h\u00f6ren.<\/p>\n\n\n\n<p class=\"wp-block-paragraph\">Dieser Beitrag brachte mich endlich dazu, auf meinem Smartphone doch mal einen Podcast-Downlader zu installieren. Und dieser Beitrag ist der erste, den ich damit herunterlud.<\/p>\n\t\t\t\t","protected":false},"excerpt":{"rendered":"<p>http:\/\/www.dradio.de\/dlf\/sendungen\/essayunddiskurs\/2087637\/ Der deutsche Historiker und Journalist&nbsp;G\u00f6tz Aly im Gespr\u00e4ch mit Norbert Seitz. Sehr empfehlenswerter Beitrag!!! H\u00f6rte ihn gerade vom Podcast-Feed Essay und Diskurs des DLF. Ich h\u00f6rte den Beitrag bereits am Vormittag des 1. Mai, aber mit etlichen Unterbrechungen. Eigentlich m\u00f6chte ich ihn demn\u00e4chst noch einmal h\u00f6ren. Dieser Beitrag brachte mich endlich dazu, auf meinem [&hellip;]<\/p>\n","protected":false},"author":1,"featured_media":0,"comment_status":"open","ping_status":"open","sticky":false,"template":"","format":"standard","meta":{"_crdt_document":"","advanced_seo_description":"","jetpack_seo_html_title":"","jetpack_seo_noindex":false,"jetpack_post_was_ever_published":false,"_jetpack_newsletter_access":"","_jetpack_dont_email_post_to_subs":false,"_jetpack_newsletter_tier_id":0,"_jetpack_memberships_contains_paywalled_content":false,"_jetpack_memberships_contains_paid_content":false,"footnotes":"","jetpack_publicize_message":"","jetpack_publicize_feature_enabled":true,"jetpack_social_post_already_shared":false,"jetpack_social_options":{"image_generator_settings":{"template":"highway","default_image_id":0,"font":"","enabled":false},"version":2},"_share_on_mastodon":"0"},"categories":[653,165],"tags":[986],"class_list":["post-288","post","type-post","status-publish","format-standard","hentry","category-deutschland","category-geschichte","tag-gotz-aly"],"share_on_mastodon":{"url":"","error":""},"jetpack_publicize_connections":[],"jetpack_featured_media_url":"","jetpack_sharing_enabled":true,"jetpack_shortlink":"https:\/\/wp.me\/paO0l8-4E","jetpack_likes_enabled":true,"amp_enabled":true,"_links":{"self":[{"href":"https:\/\/wp.jochen.hayek.name\/blog-de\/wp-json\/wp\/v2\/posts\/288","targetHints":{"allow":["GET"]}}],"collection":[{"href":"https:\/\/wp.jochen.hayek.name\/blog-de\/wp-json\/wp\/v2\/posts"}],"about":[{"href":"https:\/\/wp.jochen.hayek.name\/blog-de\/wp-json\/wp\/v2\/types\/post"}],"author":[{"embeddable":true,"href":"https:\/\/wp.jochen.hayek.name\/blog-de\/wp-json\/wp\/v2\/users\/1"}],"replies":[{"embeddable":true,"href":"https:\/\/wp.jochen.hayek.name\/blog-de\/wp-json\/wp\/v2\/comments?post=288"}],"version-history":[{"count":0,"href":"https:\/\/wp.jochen.hayek.name\/blog-de\/wp-json\/wp\/v2\/posts\/288\/revisions"}],"wp:attachment":[{"href":"https:\/\/wp.jochen.hayek.name\/blog-de\/wp-json\/wp\/v2\/media?parent=288"}],"wp:term":[{"taxonomy":"category","embeddable":true,"href":"https:\/\/wp.jochen.hayek.name\/blog-de\/wp-json\/wp\/v2\/categories?post=288"},{"taxonomy":"post_tag","embeddable":true,"href":"https:\/\/wp.jochen.hayek.name\/blog-de\/wp-json\/wp\/v2\/tags?post=288"}],"curies":[{"name":"wp","href":"https:\/\/api.w.org\/{rel}","templated":true}]}}