{"id":3097,"date":"2014-05-12T17:09:22","date_gmt":"2014-05-12T15:09:22","guid":{"rendered":"http:\/\/www.b.shuttle.de\/hayek\/hayek\/jochen\/wp\/blog-de\/?p=3097"},"modified":"2019-09-11T13:13:25","modified_gmt":"2019-09-11T11:13:25","slug":"ogg-vorbis-bei-deutschlandradio","status":"publish","type":"post","link":"https:\/\/wp.jochen.hayek.name\/blog-de\/2014\/05\/12\/ogg-vorbis-bei-deutschlandradio\/","title":{"rendered":"Ogg Vorbis bei Deutschlandradio"},"content":{"rendered":"<ul>\n<li><a href=\"http:\/\/www.deutschlandradio.de\/ogg-vorbis-serviceseite.221.de.html\">http:\/\/www.deutschlandradio.de\/ogg-vorbis-serviceseite.221.de.html<\/a><\/li>\n<\/ul>\n<p>Nachdem die FRITZ!Box 7490 (in 6.10.* Firmware) mittlerweile seinen FRITZ!Fon-s helft Ogg-Vorbis-Streams abzuspielen, sind diese Links wertvoll geworden.<\/p>\n<p>Ganz ehrlich: Wenn ich Ogg-Vorbis- oder MP3-Streams auf einem FRITZ!Fon abpspiele, w\u00e4hle ich ganz oft, den &#8220;billigsten&#8221; Stream, der am wenigsten Daten \u00fcbertr\u00e4gt \u2013 so ein FRITZ!Fon ist ja wahrlich keine Hifi-Anlage, und dann brauche ich auch erst gar nicht teure Daten \u00fcbertragen, nicht wahr?\t\t\t\t<\/p>\n","protected":false},"excerpt":{"rendered":"<p>http:\/\/www.deutschlandradio.de\/ogg-vorbis-serviceseite.221.de.html Nachdem die FRITZ!Box 7490 (in 6.10.* Firmware) mittlerweile seinen FRITZ!Fon-s helft Ogg-Vorbis-Streams abzuspielen, sind diese Links wertvoll geworden. Ganz ehrlich: Wenn ich Ogg-Vorbis- oder MP3-Streams auf einem FRITZ!Fon abpspiele, w\u00e4hle ich ganz oft, den &#8220;billigsten&#8221; Stream, der am wenigsten Daten \u00fcbertr\u00e4gt \u2013 so ein FRITZ!Fon ist ja wahrlich keine Hifi-Anlage, und dann brauche ich [&hellip;]<\/p>\n","protected":false},"author":1,"featured_media":0,"comment_status":"open","ping_status":"closed","sticky":false,"template":"","format":"standard","meta":{"_crdt_document":"","advanced_seo_description":"","jetpack_seo_html_title":"","jetpack_seo_noindex":false,"jetpack_post_was_ever_published":false,"_jetpack_newsletter_access":"","_jetpack_dont_email_post_to_subs":false,"_jetpack_newsletter_tier_id":0,"_jetpack_memberships_contains_paywalled_content":false,"_jetpack_memberships_contains_paid_content":false,"footnotes":"","jetpack_publicize_message":"","jetpack_publicize_feature_enabled":true,"jetpack_social_post_already_shared":true,"jetpack_social_options":{"image_generator_settings":{"template":"highway","default_image_id":0,"font":"","enabled":false},"version":2},"_share_on_mastodon":"0"},"categories":[44,654,678,679,362],"tags":[],"class_list":["post-3097","post","type-post","status-publish","format-standard","hentry","category-avm-fritz-fon","category-deutschlandfunk","category-dradio","category-dradio-kultur","category-ogg"],"share_on_mastodon":{"url":"","error":""},"jetpack_publicize_connections":[],"jetpack_featured_media_url":"","jetpack_sharing_enabled":true,"jetpack_shortlink":"https:\/\/wp.me\/paO0l8-NX","jetpack_likes_enabled":true,"amp_enabled":true,"_links":{"self":[{"href":"https:\/\/wp.jochen.hayek.name\/blog-de\/wp-json\/wp\/v2\/posts\/3097","targetHints":{"allow":["GET"]}}],"collection":[{"href":"https:\/\/wp.jochen.hayek.name\/blog-de\/wp-json\/wp\/v2\/posts"}],"about":[{"href":"https:\/\/wp.jochen.hayek.name\/blog-de\/wp-json\/wp\/v2\/types\/post"}],"author":[{"embeddable":true,"href":"https:\/\/wp.jochen.hayek.name\/blog-de\/wp-json\/wp\/v2\/users\/1"}],"replies":[{"embeddable":true,"href":"https:\/\/wp.jochen.hayek.name\/blog-de\/wp-json\/wp\/v2\/comments?post=3097"}],"version-history":[{"count":1,"href":"https:\/\/wp.jochen.hayek.name\/blog-de\/wp-json\/wp\/v2\/posts\/3097\/revisions"}],"predecessor-version":[{"id":10414,"href":"https:\/\/wp.jochen.hayek.name\/blog-de\/wp-json\/wp\/v2\/posts\/3097\/revisions\/10414"}],"wp:attachment":[{"href":"https:\/\/wp.jochen.hayek.name\/blog-de\/wp-json\/wp\/v2\/media?parent=3097"}],"wp:term":[{"taxonomy":"category","embeddable":true,"href":"https:\/\/wp.jochen.hayek.name\/blog-de\/wp-json\/wp\/v2\/categories?post=3097"},{"taxonomy":"post_tag","embeddable":true,"href":"https:\/\/wp.jochen.hayek.name\/blog-de\/wp-json\/wp\/v2\/tags?post=3097"}],"curies":[{"name":"wp","href":"https:\/\/api.w.org\/{rel}","templated":true}]}}