{"id":321,"date":"2013-03-12T12:13:00","date_gmt":"2013-03-12T12:13:00","guid":{"rendered":"http:\/\/www.b.shuttle.de\/hayek\/Hayek\/Jochen\/wp\/blog-de\/2013\/03\/12\/der-internationale-frauentag-und-wie-international-er-denn-ist\/"},"modified":"2013-03-12T12:13:00","modified_gmt":"2013-03-12T12:13:00","slug":"der-internationale-frauentag-und-wie-international-er-denn-ist","status":"publish","type":"post","link":"https:\/\/wp.jochen.hayek.name\/blog-de\/2013\/03\/12\/der-internationale-frauentag-und-wie-international-er-denn-ist\/","title":{"rendered":"der &#8220;Internationale Frauentag&#8221; \u2013 und wie &#8220;international&#8221; er denn ist"},"content":{"rendered":"<ul>\n<li><a href=\"http:\/\/de.wikipedia.org\/wiki\/Internationaler_Frauentag\">http:\/\/de.wikipedia.org\/wiki\/Internationaler_Frauentag<\/a><\/li>\n<li><a href=\"http:\/\/en.wikipedia.org\/wiki\/International_Women's_Day\">http:\/\/en.wikipedia.org\/wiki\/International_Women&#8217;s_Day<\/a><\/li>\n<li><a href=\"http:\/\/en.wikipedia.org\/wiki\/March_8\">http:\/\/en.wikipedia.org\/wiki\/March_8<\/a><\/li>\n<li><a href=\"http:\/\/de.wikipedia.org\/wiki\/8._M%C3%A4rz\">http:\/\/de.wikipedia.org\/wiki\/8._M\u00e4rz<\/a><\/li>\n<\/ul>\n<div>\nAlso der deutsche Wikipedia-Artikel zum Internationalen Frauentag meint doch wirklich:<\/div>\n<blockquote><p>\n<i>Es scheint so, als sei der 8. M\u00e4rz als Internationaler Frauentag inzwischen selbstverst\u00e4ndlich in das kollektive Ged\u00e4chtnis der deutschen Gesamtbev\u00f6lkerung aufgenommen worden.<\/i><\/p><\/blockquote>\n<p>Aber, na ja, man wei\u00df ja auch, wie (manchmal ganz vor\u00fcbergehend) in Wikipedia-Artikeln etwas so oder so postuliert wird, was an der Wirklichkeit leicht vorbei geht. Ich pers\u00f6nlich denke nicht, dass dieser Tag ein gesamtdeutscher Event im Jahreskalender ist, vielmehr doch noch immer ein recht ostdeutscher, wo er aber doch recht wichtig zu sein scheint. \u00a0Nachdem mir gewisse pers\u00f6nliche Empfindungen dazu h\u00f6chst nachf\u00fchlbar geschildert wurden, entschied ich mich, den Tag in meinen pers\u00f6nlichen Jahreskalender zu \u00fcbernehmen, um zuk\u00fcnftig zumindest an ihn erinnert zu werden.\t\t\t\t<\/p>\n","protected":false},"excerpt":{"rendered":"<p>http:\/\/de.wikipedia.org\/wiki\/Internationaler_Frauentag http:\/\/en.wikipedia.org\/wiki\/International_Women&#8217;s_Day http:\/\/en.wikipedia.org\/wiki\/March_8 http:\/\/de.wikipedia.org\/wiki\/8._M\u00e4rz Also der deutsche Wikipedia-Artikel zum Internationalen Frauentag meint doch wirklich: Es scheint so, als sei der 8. M\u00e4rz als Internationaler Frauentag inzwischen selbstverst\u00e4ndlich in das kollektive Ged\u00e4chtnis der deutschen Gesamtbev\u00f6lkerung aufgenommen worden. Aber, na ja, man wei\u00df ja auch, wie (manchmal ganz vor\u00fcbergehend) in Wikipedia-Artikeln etwas so oder so postuliert wird, [&hellip;]<\/p>\n","protected":false},"author":1,"featured_media":0,"comment_status":"open","ping_status":"open","sticky":false,"template":"","format":"standard","meta":{"_crdt_document":"","advanced_seo_description":"","jetpack_seo_html_title":"","jetpack_seo_noindex":false,"jetpack_post_was_ever_published":false,"_jetpack_newsletter_access":"","_jetpack_dont_email_post_to_subs":false,"_jetpack_newsletter_tier_id":0,"_jetpack_memberships_contains_paywalled_content":false,"_jetpack_memberships_contains_paid_content":false,"footnotes":"","jetpack_publicize_message":"","jetpack_publicize_feature_enabled":true,"jetpack_social_post_already_shared":false,"jetpack_social_options":{"image_generator_settings":{"template":"highway","default_image_id":0,"font":"","enabled":false},"version":2},"_share_on_mastodon":"0"},"categories":[352],"tags":[],"class_list":["post-321","post","type-post","status-publish","format-standard","hentry","category-nicht-zugeordnet"],"share_on_mastodon":{"url":"","error":""},"jetpack_publicize_connections":[],"jetpack_featured_media_url":"","jetpack_sharing_enabled":true,"jetpack_shortlink":"https:\/\/wp.me\/paO0l8-5b","jetpack_likes_enabled":true,"amp_enabled":true,"_links":{"self":[{"href":"https:\/\/wp.jochen.hayek.name\/blog-de\/wp-json\/wp\/v2\/posts\/321","targetHints":{"allow":["GET"]}}],"collection":[{"href":"https:\/\/wp.jochen.hayek.name\/blog-de\/wp-json\/wp\/v2\/posts"}],"about":[{"href":"https:\/\/wp.jochen.hayek.name\/blog-de\/wp-json\/wp\/v2\/types\/post"}],"author":[{"embeddable":true,"href":"https:\/\/wp.jochen.hayek.name\/blog-de\/wp-json\/wp\/v2\/users\/1"}],"replies":[{"embeddable":true,"href":"https:\/\/wp.jochen.hayek.name\/blog-de\/wp-json\/wp\/v2\/comments?post=321"}],"version-history":[{"count":0,"href":"https:\/\/wp.jochen.hayek.name\/blog-de\/wp-json\/wp\/v2\/posts\/321\/revisions"}],"wp:attachment":[{"href":"https:\/\/wp.jochen.hayek.name\/blog-de\/wp-json\/wp\/v2\/media?parent=321"}],"wp:term":[{"taxonomy":"category","embeddable":true,"href":"https:\/\/wp.jochen.hayek.name\/blog-de\/wp-json\/wp\/v2\/categories?post=321"},{"taxonomy":"post_tag","embeddable":true,"href":"https:\/\/wp.jochen.hayek.name\/blog-de\/wp-json\/wp\/v2\/tags?post=321"}],"curies":[{"name":"wp","href":"https:\/\/api.w.org\/{rel}","templated":true}]}}