{"id":3333,"date":"2014-07-09T13:23:30","date_gmt":"2014-07-09T11:23:30","guid":{"rendered":"http:\/\/www.b.shuttle.de\/hayek\/hayek\/jochen\/wp\/blog-de\/?p=3333"},"modified":"2019-09-11T11:56:59","modified_gmt":"2019-09-11T09:56:59","slug":"seit-meinem-letzten-fritzbox-labor-update-bin-ich-anscheinend-nur-noch-eingeschraenkt-telefonisch-erreichbar","status":"publish","type":"post","link":"https:\/\/wp.jochen.hayek.name\/blog-de\/2014\/07\/09\/seit-meinem-letzten-fritzbox-labor-update-bin-ich-anscheinend-nur-noch-eingeschraenkt-telefonisch-erreichbar\/","title":{"rendered":"seit meinem letzten FRITZ!Box-Labor-Update bin ich anscheinend nur noch eingeschr\u00e4nkt telefonisch erreichbar"},"content":{"rendered":"<p>\t\t\t\tIch hoffe, die Meldung von heute (&#8220;<em>Neues FRITZ!OS verf\u00fcgbar<\/em>&#8220;) wird mein Problem l\u00f6sen:<\/p>\n<blockquote><p>Installiertes FRITZ!OS: 06.10-28311<br \/>\nNeues FRITZ!OS: 06.10-28336<\/p><\/blockquote>\n<p>Dass AVM dabei aber \u00fcberhaupt keinen Hinweis auf das &#8220;telefonisch nicht erreichbar&#8221;-Problem gibt, finde ich schon etwas bedenklich.\t\t\t\t<\/p>\n","protected":false},"excerpt":{"rendered":"<p>Ich hoffe, die Meldung von heute (&#8220;Neues FRITZ!OS verf\u00fcgbar&#8220;) wird mein Problem l\u00f6sen: Installiertes FRITZ!OS: 06.10-28311 Neues FRITZ!OS: 06.10-28336 Dass AVM dabei aber \u00fcberhaupt keinen Hinweis auf das &#8220;telefonisch nicht erreichbar&#8221;-Problem gibt, finde ich schon etwas bedenklich.<\/p>\n","protected":false},"author":1,"featured_media":0,"comment_status":"open","ping_status":"closed","sticky":false,"template":"","format":"standard","meta":{"_crdt_document":"","advanced_seo_description":"","jetpack_seo_html_title":"","jetpack_seo_noindex":false,"jetpack_post_was_ever_published":false,"_jetpack_newsletter_access":"","_jetpack_dont_email_post_to_subs":false,"_jetpack_newsletter_tier_id":0,"_jetpack_memberships_contains_paywalled_content":false,"_jetpack_memberships_contains_paid_content":false,"footnotes":"","jetpack_publicize_message":"","jetpack_publicize_feature_enabled":true,"jetpack_social_post_already_shared":true,"jetpack_social_options":{"image_generator_settings":{"template":"highway","default_image_id":0,"font":"","enabled":false},"version":2},"_share_on_mastodon":"0"},"categories":[33,352],"tags":[],"class_list":["post-3333","post","type-post","status-publish","format-standard","hentry","category-avm","category-nicht-zugeordnet"],"share_on_mastodon":{"url":"","error":""},"jetpack_publicize_connections":[],"jetpack_featured_media_url":"","jetpack_sharing_enabled":true,"jetpack_shortlink":"https:\/\/wp.me\/paO0l8-RL","jetpack_likes_enabled":true,"amp_enabled":true,"_links":{"self":[{"href":"https:\/\/wp.jochen.hayek.name\/blog-de\/wp-json\/wp\/v2\/posts\/3333","targetHints":{"allow":["GET"]}}],"collection":[{"href":"https:\/\/wp.jochen.hayek.name\/blog-de\/wp-json\/wp\/v2\/posts"}],"about":[{"href":"https:\/\/wp.jochen.hayek.name\/blog-de\/wp-json\/wp\/v2\/types\/post"}],"author":[{"embeddable":true,"href":"https:\/\/wp.jochen.hayek.name\/blog-de\/wp-json\/wp\/v2\/users\/1"}],"replies":[{"embeddable":true,"href":"https:\/\/wp.jochen.hayek.name\/blog-de\/wp-json\/wp\/v2\/comments?post=3333"}],"version-history":[{"count":1,"href":"https:\/\/wp.jochen.hayek.name\/blog-de\/wp-json\/wp\/v2\/posts\/3333\/revisions"}],"predecessor-version":[{"id":10369,"href":"https:\/\/wp.jochen.hayek.name\/blog-de\/wp-json\/wp\/v2\/posts\/3333\/revisions\/10369"}],"wp:attachment":[{"href":"https:\/\/wp.jochen.hayek.name\/blog-de\/wp-json\/wp\/v2\/media?parent=3333"}],"wp:term":[{"taxonomy":"category","embeddable":true,"href":"https:\/\/wp.jochen.hayek.name\/blog-de\/wp-json\/wp\/v2\/categories?post=3333"},{"taxonomy":"post_tag","embeddable":true,"href":"https:\/\/wp.jochen.hayek.name\/blog-de\/wp-json\/wp\/v2\/tags?post=3333"}],"curies":[{"name":"wp","href":"https:\/\/api.w.org\/{rel}","templated":true}]}}