{"id":3390,"date":"2014-07-19T14:22:58","date_gmt":"2014-07-19T12:22:58","guid":{"rendered":"http:\/\/www.b.shuttle.de\/hayek\/hayek\/jochen\/wp\/blog-de\/?p=3390"},"modified":"2014-07-19T14:22:58","modified_gmt":"2014-07-19T12:22:58","slug":"der-quaelend-verlaengerte-weg-der-nationalmannschaft-vom-flughafen-txl-zum-brandenburger-tor","status":"publish","type":"post","link":"https:\/\/wp.jochen.hayek.name\/blog-de\/2014\/07\/19\/der-quaelend-verlaengerte-weg-der-nationalmannschaft-vom-flughafen-txl-zum-brandenburger-tor\/","title":{"rendered":"Mercedes-Benz qu\u00e4lt Hunderttausende \u2013 der peinlich verl\u00e4ngerte Weg der Nationalmannschaft vom Flughafen TXL zum Brandenburger Tor, damit die Nation das Mercedes-Benz-Logo ein paar Stunden l\u00e4nger sieht"},"content":{"rendered":"<ul>\n<li><a href=\"https:\/\/de.wikipedia.org\/wiki\/Thomas_Hitzlsperger\">https:\/\/de.wikipedia.org\/wiki\/Thomas_Hitzlsperger<\/a>\u00a0\u2013 als ZDF-VIP-Co-Moderator<\/li>\n<li><a href=\"http:\/\/www.sportschau.de\/fifawm2014\/video\/videodiefeiervordembrandenburgertor100.html\">http:\/\/www.sportschau.de\/fifawm2014\/video\/videodiefeiervordembrandenburgertor100.html<\/a>\u00a0\u2013 zeitlich durcheinander, i.e. geschnitten<\/li>\n<li><a href=\"http:\/\/www.zdf.de\/ZDFmediathek\/beitrag\/video\/2197860#\/beitrag\/video\/2197860\/Empfang-der-Weltmeister-in-voller-Laenge\">http:\/\/www.zdf.de\/ZDFmediathek\/beitrag\/video\/2197860#\/beitrag\/video\/2197860\/Empfang-der-Weltmeister-in-voller-Laenge<\/a>\u00a0\u2013 live<\/li>\n<\/ul>\n<p>Thomas\u00a0Hitzlsperger brachte es ein wenig in seiner Moderation auf den Punkt: &#8220;ich glaube, da hat sich der Sponsor nochmal etwas einfallen lassen jetzt&#8221; \u2013 &#8220;sie&#8221; (die Elf der vorigen WM) sei seinerzeit flotter vom Flughafen zum Brandenburger Tor gekommen, ohne Umsteigen.<\/p>\n<p>Ich war einer der <strong>Hundertausenden<\/strong>, die nichts von diesem Mist ahnten, und die stundenlang in der Hitze diese Hinhaltetaktik aushalten mussten \u2013 uns hat Mercedes-Benz (der Sponsor) quasi in Geiselhaft genommen \u2013 nicht genug, dass wir stundenlang \u00fcberall Mercedes-Benz-, Hyundai- und Telekom-Logos sehen mussten. Die Verantwortlichen beim DFB (oder in dessen Umgebung) geh\u00f6ren namentlich gennant, damit man seine Beschwerden (auch \u00f6ffentlich) an sie richten kann. So geht&#8217;s n\u00e4mlich nicht. Auch wenn die Feier am Brandenburger Tor insgesamt ganz gelungen war.<\/p>\n<p>Ohne deutliche Sprache nehmen die einen sowieso nicht ernst, deswegen hei\u00dft der Tweet inzwischen so:<\/p>\n<blockquote><p>Mercedes-Benz qu\u00e4lt Hunderttausende \u2013 der peinlich verl\u00e4ngerte Weg der Nationalmannschaft zum Brandenburger Tor<\/p><\/blockquote>\n<p>Update 2014-07-20: Ich habe eigentlich gar nichts gegen Mercedes-Benz und auch nichts gegen ihr Log, diesen Stern.<\/p>\n<ul>\n<li>Ich war selbst ein Zeit lang stolzer Besitzer und Fahrer &#8220;einer A-Klasse&#8221;.<\/li>\n<li><a href=\"https:\/\/de.wikipedia.org\/wiki\/Europa-Center\">https:\/\/de.wikipedia.org\/wiki\/Europa-Center<\/a>\u00a0\u2013 i<span style=\"line-height: 1.5\">ch wohne quasi in Sichtweite eines sich Tag und Nacht drehenden und gut beleuchteten Mercedes-Sterns, n\u00e4mlich dem auf dem Berliner Europa-Center.<\/span><\/li>\n<\/ul>\n<p>Aber diese Triumphzug-Verl\u00e4ngerung war einfach zu drastisch.<\/p>\n<p>Update 2014-07-20 \u2013 Kommentare zur ZDF-\u00dcbertragung:<\/p>\n<p>Helene Fischer wurde f\u00fcr sie \u00fcberraschend zum Interview gebeten \u2013 und was tut sie? (Sie hatte wohl schon passende Erfahrungen machen m\u00fcssen \u2026) Sie steckt den kleinen Finger mit den langen Fingernagel in den Mund und pult den Kaugummi heraus \u2013 gro\u00dfartig!!! kann ich den haben?!!!! Bitte!!!!! (Scherz, Leute!) Aber &#8220;f\u00fcr die Kamera&#8221; schon ein bisschen eklig \/ seltsam. Hey, Helene Fischers Medienberater! Ist es in solchen Situationen nicht besser, sie kaut ein wenig in die Kamera? Sie k\u00f6nnte den Kaugummi nat\u00fcrlich auch einfach mal &#8220;konzentriert ignorieren&#8221;, oder? Sie ist doch Profi, oder?<\/p>\n<p>Wowereit auch im Deutschland-Trikot mit 4 Sternen. Wie er nachher die ganze Mannschaft zwingt, sich in das Goldene Buch einzutragen <strong>PLUS<\/strong> im pers\u00f6nlich ein Autogramm zu geben \u2013 das ist schon \u2026 <strong>Missbrauch<\/strong>, gell?<\/p>\n<p>Podolski drapiert mit polnischer Flagge \u2013 die Regie bestraft das mit Nicht-Zeigen des polnischen Adlers, i.e. er wurde nicht von hinten gezeigt. Ist der schief gewickelt, oder was? <em>Split mind<\/em>, armer Hund.<br \/>\nIrgendwann hat er sich dann seiner polnischen Flagge entledigt. War wohl auch gut so, gell?<\/p>\n<p>Boateng: &#8220;<em>Ich bin stolz Berliner zu sein.<\/em>&#8221;<\/p>\n<p>&#8220;<em>so geh&#8217;n die Gauchos \u2013 die Gauchos, die geh&#8217;n so \u2013\u2013\u2013 so geh&#8217;n die Deutschen, die Deutschen, die geh&#8217;n so<\/em>&#8221; \u2013 Q: und wer war der R\u00e4delsf\u00fchrer auf der B\u00fchne? A: Miroslav Klose \u2013 nein, nicht Thomas M\u00fcller<\/p>\n<p>Manuel Neuer stimmt heiser an zum Gesang: &#8220;<em>Die Nummer 1 der Welt \u2026 sind wir.<\/em>&#8221;<\/p>\n<p>&#8220;<em>Gro\u00dfkreutz r\u00fcck den D\u00f6ner raus!<\/em>&#8221;<\/p>\n<p>Schweinsteiger \u00fcber Gro\u00dfkreutz: &#8220;<em>Er hat keine Eskapaden gemacht.<\/em>&#8221;<\/p>\n<p>Philip (sp?) Lahn: die Einlage, wie er den Cup in die Luft reckt \u2013 sweet!!! &#8220;Niemand&#8221; ahnte, dass er kurz sp\u00e4ter seinen National-Elf-R\u00fccktritt erkl\u00e4ren wird.<\/p>\n<p>ARD: Andreas Bourani &#8220;auf uns&#8221; bei Minute 19 und &#8220;o, wie ist das sch\u00f6n&#8221; bei Minute 23.<\/p>\n<p>Ganz Schluss bei ZDF (muss noch die exakte Stelle finden), bei ARD bei 1:06 : sehr sehenswert: &#8220;<em>an Tagen wie diesen<\/em>&#8220;.\t\t\t\t<\/p>\n","protected":false},"excerpt":{"rendered":"<p>https:\/\/de.wikipedia.org\/wiki\/Thomas_Hitzlsperger\u00a0\u2013 als ZDF-VIP-Co-Moderator http:\/\/www.sportschau.de\/fifawm2014\/video\/videodiefeiervordembrandenburgertor100.html\u00a0\u2013 zeitlich durcheinander, i.e. geschnitten http:\/\/www.zdf.de\/ZDFmediathek\/beitrag\/video\/2197860#\/beitrag\/video\/2197860\/Empfang-der-Weltmeister-in-voller-Laenge\u00a0\u2013 live Thomas\u00a0Hitzlsperger brachte es ein wenig in seiner Moderation auf den Punkt: &#8220;ich glaube, da hat sich der Sponsor nochmal etwas einfallen lassen jetzt&#8221; \u2013 &#8220;sie&#8221; (die Elf der vorigen WM) sei seinerzeit flotter vom Flughafen zum Brandenburger Tor gekommen, ohne Umsteigen. Ich war einer der [&hellip;]<\/p>\n","protected":false},"author":1,"featured_media":0,"comment_status":"open","ping_status":"closed","sticky":false,"template":"","format":"standard","meta":{"_crdt_document":"","advanced_seo_description":"","jetpack_seo_html_title":"","jetpack_seo_noindex":false,"jetpack_post_was_ever_published":false,"_jetpack_newsletter_access":"","_jetpack_dont_email_post_to_subs":false,"_jetpack_newsletter_tier_id":0,"_jetpack_memberships_contains_paywalled_content":false,"_jetpack_memberships_contains_paid_content":false,"footnotes":"","jetpack_publicize_message":"","jetpack_publicize_feature_enabled":true,"jetpack_social_post_already_shared":true,"jetpack_social_options":{"image_generator_settings":{"template":"highway","default_image_id":0,"font":"","enabled":false},"version":2},"_share_on_mastodon":"0"},"categories":[646,158,611],"tags":[825,964,1350],"class_list":["post-3390","post","type-post","status-publish","format-standard","hentry","category-daserste-de","category-fussball","category-zdf-de","tag-andreas-bourani","tag-fussball-wm-2014","tag-willkommensfeier-fuer-die-weltmeister-in-berlin"],"share_on_mastodon":{"url":"","error":""},"jetpack_publicize_connections":[],"jetpack_featured_media_url":"","jetpack_sharing_enabled":true,"jetpack_shortlink":"https:\/\/wp.me\/paO0l8-SG","jetpack_likes_enabled":true,"amp_enabled":true,"_links":{"self":[{"href":"https:\/\/wp.jochen.hayek.name\/blog-de\/wp-json\/wp\/v2\/posts\/3390","targetHints":{"allow":["GET"]}}],"collection":[{"href":"https:\/\/wp.jochen.hayek.name\/blog-de\/wp-json\/wp\/v2\/posts"}],"about":[{"href":"https:\/\/wp.jochen.hayek.name\/blog-de\/wp-json\/wp\/v2\/types\/post"}],"author":[{"embeddable":true,"href":"https:\/\/wp.jochen.hayek.name\/blog-de\/wp-json\/wp\/v2\/users\/1"}],"replies":[{"embeddable":true,"href":"https:\/\/wp.jochen.hayek.name\/blog-de\/wp-json\/wp\/v2\/comments?post=3390"}],"version-history":[{"count":0,"href":"https:\/\/wp.jochen.hayek.name\/blog-de\/wp-json\/wp\/v2\/posts\/3390\/revisions"}],"wp:attachment":[{"href":"https:\/\/wp.jochen.hayek.name\/blog-de\/wp-json\/wp\/v2\/media?parent=3390"}],"wp:term":[{"taxonomy":"category","embeddable":true,"href":"https:\/\/wp.jochen.hayek.name\/blog-de\/wp-json\/wp\/v2\/categories?post=3390"},{"taxonomy":"post_tag","embeddable":true,"href":"https:\/\/wp.jochen.hayek.name\/blog-de\/wp-json\/wp\/v2\/tags?post=3390"}],"curies":[{"name":"wp","href":"https:\/\/api.w.org\/{rel}","templated":true}]}}