{"id":403,"date":"2012-08-15T14:26:00","date_gmt":"2012-08-15T14:26:00","guid":{"rendered":"http:\/\/www.b.shuttle.de\/hayek\/Hayek\/Jochen\/wp\/blog-de\/2012\/08\/15\/juedische-kulturtage-berlin-2012-avishai-cohen-trio-live-in-berlin-update\/"},"modified":"2012-08-15T14:26:00","modified_gmt":"2012-08-15T14:26:00","slug":"juedische-kulturtage-berlin-2012-avishai-cohen-trio-live-in-berlin-update","status":"publish","type":"post","link":"https:\/\/wp.jochen.hayek.name\/blog-de\/2012\/08\/15\/juedische-kulturtage-berlin-2012-avishai-cohen-trio-live-in-berlin-update\/","title":{"rendered":"J\u00fcdische Kulturtage Berlin 2012: &#8220;Avishai Cohen Trio&#8221; live in Berlin [Update]"},"content":{"rendered":"<p><a href=\"http:\/\/www.juedische-kulturtage.org\/0816_2000_ryk_eroeffnung.html\">J\u00fcdische Kulturtage Berlin 2012 | Avishai Cohen Trio<\/a><\/p>\n<p>day+time: 2012-08-16 20:00<\/p>\n<p>Update 2012-08-15: ausverkauft, &#8220;vielleicht an der Abendkasse&#8221;.<\/p>\n<p>Update 2012-08-16 19:35<br \/>\nNachdem ich am Morgen wunderbarerweise diesen Kommentar \u00a0(s.u.!) fand, war ich guter Dinge, an der Abendkasse noch eine Karte zu bekommen &#8211; und so war&#8217;s dann auch. Die Unsitte des Platz-Besetzens f\u00fcr zig Leute wird aich hier ge\u00fcbt, aber ich pers\u00f6nlich hatte einen ordentlichen Platz. Nun, da spielt dann auch K\u00f6rpergr\u00f6\u00dfe eine angenehme Rolle, da kann man eben \u00fcber einige K\u00f6pfe dr\u00fcberweg gucken.,<\/p>\n<p>Die drei Musiker sind wohl gerade die einzigen M\u00e4nner in diesem Haus, die keine Kopfbedeckung tragen. Respekt!\t\t\t\t<\/p>\n","protected":false},"excerpt":{"rendered":"<p>J\u00fcdische Kulturtage Berlin 2012 | Avishai Cohen Trio day+time: 2012-08-16 20:00 Update 2012-08-15: ausverkauft, &#8220;vielleicht an der Abendkasse&#8221;. Update 2012-08-16 19:35 Nachdem ich am Morgen wunderbarerweise diesen Kommentar \u00a0(s.u.!) fand, war ich guter Dinge, an der Abendkasse noch eine Karte zu bekommen &#8211; und so war&#8217;s dann auch. Die Unsitte des Platz-Besetzens f\u00fcr zig Leute [&hellip;]<\/p>\n","protected":false},"author":1,"featured_media":0,"comment_status":"open","ping_status":"open","sticky":false,"template":"","format":"standard","meta":{"_crdt_document":"","advanced_seo_description":"","jetpack_seo_html_title":"","jetpack_seo_noindex":false,"jetpack_post_was_ever_published":false,"_jetpack_newsletter_access":"","_jetpack_dont_email_post_to_subs":false,"_jetpack_newsletter_tier_id":0,"_jetpack_memberships_contains_paywalled_content":false,"_jetpack_memberships_contains_paid_content":false,"footnotes":"","jetpack_publicize_message":"","jetpack_publicize_feature_enabled":true,"jetpack_social_post_already_shared":false,"jetpack_social_options":{"image_generator_settings":{"template":"highway","default_image_id":0,"font":"","enabled":false},"version":2},"_share_on_mastodon":"0"},"categories":[787,103],"tags":[],"class_list":["post-403","post","type-post","status-publish","format-standard","hentry","category-berlin","category-die-musik"],"share_on_mastodon":{"url":"","error":""},"jetpack_publicize_connections":[],"jetpack_featured_media_url":"","jetpack_sharing_enabled":true,"jetpack_shortlink":"https:\/\/wp.me\/paO0l8-6v","jetpack_likes_enabled":true,"amp_enabled":true,"_links":{"self":[{"href":"https:\/\/wp.jochen.hayek.name\/blog-de\/wp-json\/wp\/v2\/posts\/403","targetHints":{"allow":["GET"]}}],"collection":[{"href":"https:\/\/wp.jochen.hayek.name\/blog-de\/wp-json\/wp\/v2\/posts"}],"about":[{"href":"https:\/\/wp.jochen.hayek.name\/blog-de\/wp-json\/wp\/v2\/types\/post"}],"author":[{"embeddable":true,"href":"https:\/\/wp.jochen.hayek.name\/blog-de\/wp-json\/wp\/v2\/users\/1"}],"replies":[{"embeddable":true,"href":"https:\/\/wp.jochen.hayek.name\/blog-de\/wp-json\/wp\/v2\/comments?post=403"}],"version-history":[{"count":0,"href":"https:\/\/wp.jochen.hayek.name\/blog-de\/wp-json\/wp\/v2\/posts\/403\/revisions"}],"wp:attachment":[{"href":"https:\/\/wp.jochen.hayek.name\/blog-de\/wp-json\/wp\/v2\/media?parent=403"}],"wp:term":[{"taxonomy":"category","embeddable":true,"href":"https:\/\/wp.jochen.hayek.name\/blog-de\/wp-json\/wp\/v2\/categories?post=403"},{"taxonomy":"post_tag","embeddable":true,"href":"https:\/\/wp.jochen.hayek.name\/blog-de\/wp-json\/wp\/v2\/tags?post=403"}],"curies":[{"name":"wp","href":"https:\/\/api.w.org\/{rel}","templated":true}]}}