{"id":4071,"date":"2014-11-17T13:39:06","date_gmt":"2014-11-17T12:39:06","guid":{"rendered":"http:\/\/www.b.shuttle.de\/hayek\/hayek\/jochen\/wp\/blog-de\/?p=4071"},"modified":"2019-06-13T17:54:03","modified_gmt":"2019-06-13T15:54:03","slug":"meine-lektuere-lizzie-dorons-band-warum-bist-du-nicht-vor-dem-krieg-gekommen-episode-zum-seder-abend","status":"publish","type":"post","link":"https:\/\/wp.jochen.hayek.name\/blog-de\/2014\/11\/17\/meine-lektuere-lizzie-dorons-band-warum-bist-du-nicht-vor-dem-krieg-gekommen-episode-zum-seder-abend\/","title":{"rendered":"meine Lekt\u00fcre: Lizzie Dorons Band &#8220;Warum bist du nicht vor dem Krieg gekommen?&#8221;, Episode zum Seder-Abend"},"content":{"rendered":"<ul>\n<li><a href=\"https:\/\/de.wikipedia.org\/wiki\/Lizzie_Doron\">https:\/\/de.wikipedia.org\/wiki\/Lizzie_Doron<\/a><\/li>\n<li><a href=\"https:\/\/de.wikipedia.org\/wiki\/Spezial:ISBN-Suche\/978-3518457696\">https:\/\/de.wikipedia.org\/wiki\/Spezial:ISBN-Suche\/978-3518457696<\/a><\/li>\n<li><a href=\"http:\/\/books.google.de\/books?id=eBk1SwAACAAJ\">http:\/\/books.google.de\/books?id=eBk1SwAACAAJ<\/a><\/li>\n<li><a href=\"http:\/\/synaesthetisch.wordpress.com\/2012\/03\/29\/rezension-lizzie-doron-warum-bist-du-nicht-vor-dem-krieg-gekommen\/\">http:\/\/synaesthetisch.wordpress.com\/2012\/03\/29\/rezension-lizzie-doron-warum-bist-du-nicht-vor-dem-krieg-gekommen\/<\/a><\/li>\n<li><a href=\"http:\/\/juedischelebenswelten.wordpress.com\/2013\/02\/01\/lizzie-doron-warum-bist-du-nicht-vor-dem-krieg-gekommen\/\">http:\/\/juedischelebenswelten.wordpress.com\/2013\/02\/01\/lizzie-doron-warum-bist-du-nicht-vor-dem-krieg-gekommen\/<\/a><\/li>\n<li><a href=\"http:\/\/Jochen.Hayek.name\/wp\/blog-de\/2014\/11\/11\/in-der-galerie-circle1-in-berlin-die-israelische-autorin-lizzie-doron-und-die-musikerin-efrat-alony-mit-childo-thomas-und\/\">http:\/\/Jochen.Hayek.name\/wp\/blog-de\/2014\/11\/11\/in-der-galerie-circle1-in-berlin-die-israelische-autorin-lizzie-doron-und-die-musikerin-efrat-alony-mit-childo-thomas-und\/<\/a><\/li>\n<\/ul>\n<p>Figuren:<\/p>\n<ul>\n<li>Helena, die Mutter, Holocaust-\u00dcberlebende<\/li>\n<li>Elisabeth, Helenas Tochter \u2013 &#8220;<em>Elisabeth<\/em>&#8221; ist wohl &#8220;gleich&#8221; der Autorin <em>Lizzie<\/em><\/li>\n<\/ul>\n<p>Nachdem ich Lizzie Doron vergangene Woche bei Circle1 begegnet war, stand ich ihr (und ihrem Werk) erst etwas skeptisch gegen\u00fcber; ich bestellte mir aber rasch ihr erstes Buch bzw. seine \u00dcbersetzung ins Deutsche. Leider ist derzeit keine elektronische Ausgabe (\u00f6ffentlich) verf\u00fcgbar. Jedes Kapitel, jede Episode ist auf seine Weise beeindruckend. Heute begann ich einen Artikel \u00fcber das gesamte Buch, ob und wann ich den aber fertige bekomme bzw. hier &#8220;ver\u00f6ffentliche&#8221;, das wei\u00df ich noch nicht \u2013 aber ich m\u00f6chte nun quasi begleitend zu meiner Lekt\u00fcre, die Episoden kommentieren bzw. zusammenfassend wiedergeben.<\/p>\n<p>Warum ich ihr erst etwas skeptisch gegen\u00fcber stand? Ich selbst k\u00e4mpfte lange Jahre um eine Position zu dem Begriff &#8220;Heimat&#8221;, und ich bin mir noch nicht sicher, wie lange sie halten wird. Der Autorin Lizzie Doron mochte ich so eine Anti-Position zu &#8220;Heimat&#8221; nicht zugestehen \u2013 sie hatte an diesem Abend ungef\u00e4hr postuliert: &#8220;Ich habe keine Heimat.&#8221; Nat\u00fcrlich fragt man sich, warum sie nicht Israel als ihre Heimat betrachtet. An diesem Abend stellte ihr niemand diese Frage. Die Antwort ist sicher etwas komplexer. Im Gegensatz zu ihr betrachtet sich\u00a0Shlomo Sand trotz seiner streitbaren Anti-Positionen zum &#8220;J\u00fcdisch-Sein&#8221; ganz klar als Israeli. (OK, man mag hier noch haarspalterische Unterscheidungen machen \u2026, aber ich mag das Thema an dieser Stelle nicht noch weiter auswalzen.)<\/p>\n<p>Warum ich statt der tats\u00e4chlichen Kapitel-\u00dcberschrift &#8220;Episode zum Seder-Abend&#8221; schrieb? Na, ja, lieber Leser, zwei heftige Vokabeln in einer \u00dcberschrift (das w\u00e4ren <em>Krieg<\/em> <span style=\"text-decoration: underline\">und<\/span> <em>Gott<\/em>) \u2013 wer l\u00e4se den Artikel dann noch?<\/p>\n<h1>Ein einziger ist unser Gott<\/h1>\n<ul>\n<li><a href=\"https:\/\/de.wikipedia.org\/wiki\/Seder\">https:\/\/de.wikipedia.org\/wiki\/Seder<\/a><\/li>\n<\/ul>\n<p>Ich w\u00fcrde dieses Kapitel so untertiteln: Wie Helena den Seder-Abend verbringt.<\/p>\n<p>Der Titel ist ein zentraler Satz des j\u00fcdischen Glaubens.<\/p>\n<p>Weil die\u00a0Holocaust-\u00dcberlebende Helena Bitteres schon genug f\u00fcr sieben Generationen gegessen hat, legt sie\u00a0jedes Jahr statt Bitterkraut ein St\u00fcck Kuchen in die Sedersch\u00fcssel. &#8220;Koscher f\u00fcr Pessach&#8221;, versichert sie der Tochter Elisabeth, das ist aber absolut inkorrekt \u2013 aber sie hat eben schon so viel Bitteres hinter sich, das reicht ihr. Wir bekommen noch weitere Unterschiede zwischen Helenas und dem &#8220;gew\u00f6hnlichen&#8221; Seder-Abend aufgez\u00e4hlt. W\u00e4hrend &#8220;der Herr&#8221; beim Auszug aus \u00c4gypten h\u00f6rte, h\u00f6rte er Helena und die Anderen w\u00e4hrend der Shoah nicht. Am Seder-Abend bleibt am Tisch traditionell ein freier Platz, Helena bereitet mehrere freie Pl\u00e4tze vor \u2013 f\u00fcr die (angedeuteten) verlorenen Familienmitglieder.\t\t\t\t<\/p>\n","protected":false},"excerpt":{"rendered":"<p>https:\/\/de.wikipedia.org\/wiki\/Lizzie_Doron https:\/\/de.wikipedia.org\/wiki\/Spezial:ISBN-Suche\/978-3518457696 http:\/\/books.google.de\/books?id=eBk1SwAACAAJ http:\/\/synaesthetisch.wordpress.com\/2012\/03\/29\/rezension-lizzie-doron-warum-bist-du-nicht-vor-dem-krieg-gekommen\/ http:\/\/juedischelebenswelten.wordpress.com\/2013\/02\/01\/lizzie-doron-warum-bist-du-nicht-vor-dem-krieg-gekommen\/ http:\/\/Jochen.Hayek.name\/wp\/blog-de\/2014\/11\/11\/in-der-galerie-circle1-in-berlin-die-israelische-autorin-lizzie-doron-und-die-musikerin-efrat-alony-mit-childo-thomas-und\/ Figuren: Helena, die Mutter, Holocaust-\u00dcberlebende Elisabeth, Helenas Tochter \u2013 &#8220;Elisabeth&#8221; ist wohl &#8220;gleich&#8221; der Autorin Lizzie Nachdem ich Lizzie Doron vergangene Woche bei Circle1 begegnet war, stand ich ihr (und ihrem Werk) erst etwas skeptisch gegen\u00fcber; ich bestellte mir aber rasch ihr erstes Buch bzw. seine \u00dcbersetzung ins Deutsche. [&hellip;]<\/p>\n","protected":false},"author":1,"featured_media":0,"comment_status":"open","ping_status":"closed","sticky":false,"template":"","format":"standard","meta":{"_crdt_document":"","advanced_seo_description":"","jetpack_seo_html_title":"","jetpack_seo_noindex":false,"jetpack_post_was_ever_published":false,"_jetpack_newsletter_access":"","_jetpack_dont_email_post_to_subs":false,"_jetpack_newsletter_tier_id":0,"_jetpack_memberships_contains_paywalled_content":false,"_jetpack_memberships_contains_paid_content":false,"footnotes":"","jetpack_publicize_message":"","jetpack_publicize_feature_enabled":true,"jetpack_social_post_already_shared":true,"jetpack_social_options":{"image_generator_settings":{"template":"highway","default_image_id":0,"font":"","enabled":false},"version":2},"_share_on_mastodon":"0"},"categories":[297,1397,352],"tags":[1030],"class_list":["post-4071","post","type-post","status-publish","format-standard","hentry","category-literatur","category-lizzie-doron","category-nicht-zugeordnet","tag-isbn"],"share_on_mastodon":{"url":"","error":""},"jetpack_publicize_connections":[],"jetpack_featured_media_url":"","jetpack_sharing_enabled":true,"jetpack_shortlink":"https:\/\/wp.me\/paO0l8-13F","jetpack_likes_enabled":true,"amp_enabled":true,"_links":{"self":[{"href":"https:\/\/wp.jochen.hayek.name\/blog-de\/wp-json\/wp\/v2\/posts\/4071","targetHints":{"allow":["GET"]}}],"collection":[{"href":"https:\/\/wp.jochen.hayek.name\/blog-de\/wp-json\/wp\/v2\/posts"}],"about":[{"href":"https:\/\/wp.jochen.hayek.name\/blog-de\/wp-json\/wp\/v2\/types\/post"}],"author":[{"embeddable":true,"href":"https:\/\/wp.jochen.hayek.name\/blog-de\/wp-json\/wp\/v2\/users\/1"}],"replies":[{"embeddable":true,"href":"https:\/\/wp.jochen.hayek.name\/blog-de\/wp-json\/wp\/v2\/comments?post=4071"}],"version-history":[{"count":1,"href":"https:\/\/wp.jochen.hayek.name\/blog-de\/wp-json\/wp\/v2\/posts\/4071\/revisions"}],"predecessor-version":[{"id":10087,"href":"https:\/\/wp.jochen.hayek.name\/blog-de\/wp-json\/wp\/v2\/posts\/4071\/revisions\/10087"}],"wp:attachment":[{"href":"https:\/\/wp.jochen.hayek.name\/blog-de\/wp-json\/wp\/v2\/media?parent=4071"}],"wp:term":[{"taxonomy":"category","embeddable":true,"href":"https:\/\/wp.jochen.hayek.name\/blog-de\/wp-json\/wp\/v2\/categories?post=4071"},{"taxonomy":"post_tag","embeddable":true,"href":"https:\/\/wp.jochen.hayek.name\/blog-de\/wp-json\/wp\/v2\/tags?post=4071"}],"curies":[{"name":"wp","href":"https:\/\/api.w.org\/{rel}","templated":true}]}}