{"id":4491,"date":"2014-12-20T17:59:28","date_gmt":"2014-12-20T16:59:28","guid":{"rendered":"http:\/\/www.b.shuttle.de\/hayek\/hayek\/jochen\/wp\/blog-de\/?p=4491"},"modified":"2014-12-20T17:59:28","modified_gmt":"2014-12-20T16:59:28","slug":"bonhomie-bonhommie-eine-sehr-verbreitete-und-ziemlich-unheilbare-krankheit-in-intellektuellen-kreisen-heute-seine-einstellung-zum-islam","status":"publish","type":"post","link":"https:\/\/wp.jochen.hayek.name\/blog-de\/2014\/12\/20\/bonhomie-bonhommie-eine-sehr-verbreitete-und-ziemlich-unheilbare-krankheit-in-intellektuellen-kreisen-heute-seine-einstellung-zum-islam\/","title":{"rendered":"&#8220;Bonhomie&#8221; (&#8220;Bonhommie&#8221;) \u2013 eine sehr verbreitete und ziemlich unheilbare Krankheit in intellektuellen Kreisen \u2013 heute: seine Einstellung zum Islam"},"content":{"rendered":"<ul>\n<li><a href=\"https:\/\/de.wiktionary.org\/wiki\/Bonhomie\">https:\/\/de.wiktionary.org\/wiki\/Bonhomie<\/a><\/li>\n<li><a href=\"https:\/\/fr.wiktionary.org\/wiki\/bonhomie\">https:\/\/fr.wiktionary.org\/wiki\/bonhomie<\/a><\/li>\n<li><a href=\"https:\/\/fr.wiktionary.org\/wiki\/bonhomie#Variantes_orthographiques\">https:\/\/fr.wiktionary.org\/wiki\/bonhomie#Variantes_orthographiques<\/a>\u00a0\u2013 seltsamerweise eben nicht mit 2 &#8220;m&#8221; \u2013 die Franzosen haben&#8217;s mal &#8220;korrigiert&#8221;, da mussten wir wohl nachziehen<\/li>\n<\/ul>\n<p>Zum Auftakt meiner vielleicht folgenden Artikel in der Kategorie <em>Bonhomie<\/em> hier, heute zum Thema <em>Islam<\/em>.<\/p>\n<p>Erstens, zweitens und drittens: Ich bin kein Islam-Feind. Im Prinzip bin ich da v\u00f6llig tolerant.<\/p>\n<p>Aber der Teufel steckt im Detail. An zu vielen Stellen auf dieser Welt f\u00fchlen sich Menschen in &#8220;gr\u00f6\u00dferen Gruppen&#8221; als &#8220;die Underdogs des Westens&#8221;. Und das, was diese &#8220;Gruppen&#8221; am &#8220;engsten&#8221; verbindet ist ihre &#8220;Religion&#8221;.<\/p>\n<p>Sie bilden nicht wirklich organisierte Gruppen, denn sie geh\u00f6ren nicht einem frei gew\u00e4hlten &#8220;Verband&#8221; oder &#8220;Verein&#8221; an.<\/p>\n<p>Ihre &#8220;Religion&#8221; ist nur total vereinfacht &#8220;DER Islam&#8221;, denn es gibt nicht &#8220;DEN EINEN Islam&#8221;. Vielmehr gibt es da zig Varianten. Weder m\u00f6gen die Anh\u00e4nger der einen Variante die Anh\u00e4nger der anderen besonders, noch m\u00f6gen sich weltweit (vielleicht sogar landesweit) die Anh\u00e4nger ein und der selben Variante von Islam gegenseitig.<\/p>\n<p>Und eigentlich ist &#8220;<span style=\"text-decoration: underline\">ihre<\/span> Religion&#8221; auch mehr der stellvertretende Begriff f\u00fcr ihre jeweilige Kultur, und (machen wir uns nichts vor), die unterscheidet sich auch bei den islamisch gepr\u00e4gten Kulturen zwischen ihren geograhisch durchaus weiter entfernt liegenden Ecken ganz leidlich.<\/p>\n<p>Den kleinsten gemeinsamen Nenner der meisten, die sich irgendwie &#8220;im Westen&#8221; oder &#8220;vom Westen&#8221; benachteiligt f\u00fchlen, ist wirklich nur, dass sie sich als seine &#8220;Underdogs&#8221; f\u00fchlen und irgend einer Form von Islam &#8220;anh\u00e4ngen&#8221;. Es gibt allerdings auch soooo viele, die dabei nicht das Label &#8220;Islam&#8221; tragen, aber das ist ja eine andere Geschichte. Sich unter dem &#8220;Label Islam&#8221; benachteiligt f\u00fchlen, das ist schon was. Da darf man dann mehr oder weniger gro\u00dfe Zwergenaufst\u00e4nde auff\u00fchren und &#8220;dem Westen&#8221; wehtun. Und der Westen, das ist dann nicht das Parlament der U.S.A., oder das der EU oder Deutschlands oder Gro\u00dfbritanniens oder Frankreichs oder oder oder \u2013 nein, das sind wir, die wir in diesen L\u00e4ndern leben. Und das mag ich nicht. Ich bin kein &#8220;PEGIDA&#8221;-Anh\u00e4nger, ich bin links-liberal und absolut kein Islam-Gegner. Hans K\u00fcngs \u00e4u\u00dferst wohlwollendes und geradezu bewunderndes Islam-Buch (<a href=\"http:\/\/Jochen.Hayek.name\/wp\/blog-de\/2011\/03\/10\/hans-kueng-der-islam\/\">Link<\/a>) geh\u00f6rt zu meiner Lieblingsliteratur.<\/p>\n<p>Also: ich bin nicht gerne Zielscheibe von Underdogs (oder wem auch immer), gleich unter welchem Label sie daherlaufen. Und ja, um diese Zielscheibe nicht &#8220;ausleben&#8221; zu m\u00fcssen, nehme ich Einbu\u00dfen meiner &#8220;b\u00fcrgerlichen Rechte&#8221; in Kauf und akzeptiere, dass Polizei und staatliche Geheimdienste nach Kommunikation von Leuten suchen, die mich bzw. &#8220;uns&#8221; zu ihrer Zielscheibe machen. Nein, ich denke nicht, dass es bisher so ein Ding wie der &#8220;Bundestrojaner&#8221; bisher in &#8220;meine heiligen Hallen&#8221; geschafft hat \u2013 aber ich habe hier soooo viele Ger\u00e4te herumstehen und an meinem LAN h\u00e4ngen, von den aus ich wirklich bequem auszuspionieren w\u00e4re \u2013 wer wei\u00df, was da alles noch herausgefunden wird.<\/p>\n<p>Und ich mag&#8217;s auch nicht, dass Karikaturen als &#8220;unakzeptable Provokationen von Andersgl\u00e4ubigen&#8221; betrachtet bzw. verboten werden sollen oder gar als Grund f\u00fcr gewaltt\u00e4tige Auseinandersetzungen herhalten m\u00fcssen. &#8220;Hier im Westen&#8221; ist Karikatur eine Form von Gesellschaftskritik, die ein \u00e4u\u00dferst hohes Gut darstellt. Das muss man schon aushalten, man muss halt im Zweifelsfall den Fernseher ausschalten bzw. das Programm wechseln.<\/p>\n<p>Eigentlich wollte ich heute mit Bonhomie nur die &#8220;<span style=\"text-decoration: underline\">Guten<\/span> Leute&#8221; (bzw. die sich daf\u00fcr halten)\u00a0&#8220;treffen&#8221;,<\/p>\n<ul>\n<li>die sich &#8220;eigentlich&#8221; nicht als Antisemiten sehen, aber einen total gro\u00dfen Abstand zu <span style=\"text-decoration: underline\">Israel<\/span> einnehmen (um es recht harmlos auszudr\u00fccken),<\/li>\n<li>und auch z.B. die, die meinen, der arme, arme <span style=\"text-decoration: underline\">Iran<\/span> h\u00e4tte wirklich nichts Schlimmes vor mit seinem Atom-Programm, aber er m\u00fcsse sich jetzt ja auch wirklich nicht vom &#8220;b\u00f6sen Westen&#8221; bei seinem Atom-Programm in die Karten kucken lassen.<\/li>\n<\/ul>\n","protected":false},"excerpt":{"rendered":"<p>https:\/\/de.wiktionary.org\/wiki\/Bonhomie https:\/\/fr.wiktionary.org\/wiki\/bonhomie https:\/\/fr.wiktionary.org\/wiki\/bonhomie#Variantes_orthographiques\u00a0\u2013 seltsamerweise eben nicht mit 2 &#8220;m&#8221; \u2013 die Franzosen haben&#8217;s mal &#8220;korrigiert&#8221;, da mussten wir wohl nachziehen Zum Auftakt meiner vielleicht folgenden Artikel in der Kategorie Bonhomie hier, heute zum Thema Islam. Erstens, zweitens und drittens: Ich bin kein Islam-Feind. Im Prinzip bin ich da v\u00f6llig tolerant. Aber der Teufel steckt im [&hellip;]<\/p>\n","protected":false},"author":1,"featured_media":0,"comment_status":"open","ping_status":"closed","sticky":false,"template":"","format":"standard","meta":{"_crdt_document":"","advanced_seo_description":"","jetpack_seo_html_title":"","jetpack_seo_noindex":false,"jetpack_post_was_ever_published":false,"_jetpack_newsletter_access":"","_jetpack_dont_email_post_to_subs":false,"_jetpack_newsletter_tier_id":0,"_jetpack_memberships_contains_paywalled_content":false,"_jetpack_memberships_contains_paid_content":false,"footnotes":"","jetpack_publicize_message":"","jetpack_publicize_feature_enabled":true,"jetpack_social_post_already_shared":true,"jetpack_social_options":{"image_generator_settings":{"template":"highway","default_image_id":0,"font":"","enabled":false},"version":2},"_share_on_mastodon":"0"},"categories":[352],"tags":[],"class_list":["post-4491","post","type-post","status-publish","format-standard","hentry","category-nicht-zugeordnet"],"share_on_mastodon":{"url":"","error":""},"jetpack_publicize_connections":[],"jetpack_featured_media_url":"","jetpack_sharing_enabled":true,"jetpack_shortlink":"https:\/\/wp.me\/paO0l8-1ar","jetpack_likes_enabled":true,"amp_enabled":true,"_links":{"self":[{"href":"https:\/\/wp.jochen.hayek.name\/blog-de\/wp-json\/wp\/v2\/posts\/4491","targetHints":{"allow":["GET"]}}],"collection":[{"href":"https:\/\/wp.jochen.hayek.name\/blog-de\/wp-json\/wp\/v2\/posts"}],"about":[{"href":"https:\/\/wp.jochen.hayek.name\/blog-de\/wp-json\/wp\/v2\/types\/post"}],"author":[{"embeddable":true,"href":"https:\/\/wp.jochen.hayek.name\/blog-de\/wp-json\/wp\/v2\/users\/1"}],"replies":[{"embeddable":true,"href":"https:\/\/wp.jochen.hayek.name\/blog-de\/wp-json\/wp\/v2\/comments?post=4491"}],"version-history":[{"count":0,"href":"https:\/\/wp.jochen.hayek.name\/blog-de\/wp-json\/wp\/v2\/posts\/4491\/revisions"}],"wp:attachment":[{"href":"https:\/\/wp.jochen.hayek.name\/blog-de\/wp-json\/wp\/v2\/media?parent=4491"}],"wp:term":[{"taxonomy":"category","embeddable":true,"href":"https:\/\/wp.jochen.hayek.name\/blog-de\/wp-json\/wp\/v2\/categories?post=4491"},{"taxonomy":"post_tag","embeddable":true,"href":"https:\/\/wp.jochen.hayek.name\/blog-de\/wp-json\/wp\/v2\/tags?post=4491"}],"curies":[{"name":"wp","href":"https:\/\/api.w.org\/{rel}","templated":true}]}}