{"id":4573,"date":"2015-01-07T14:56:39","date_gmt":"2015-01-07T13:56:39","guid":{"rendered":"http:\/\/www.b.shuttle.de\/hayek\/hayek\/jochen\/wp\/blog-de\/?p=4573"},"modified":"2015-01-07T14:56:39","modified_gmt":"2015-01-07T13:56:39","slug":"zdf-history-kalte-heimat-vertriebene-in-deutschland-ethnisch-deutsche-migranten-zurueck-in-deutschland","status":"publish","type":"post","link":"https:\/\/wp.jochen.hayek.name\/blog-de\/2015\/01\/07\/zdf-history-kalte-heimat-vertriebene-in-deutschland-ethnisch-deutsche-migranten-zurueck-in-deutschland\/","title":{"rendered":"ZDF-History: Kalte Heimat: Vertriebene in Deutschland \u2013 ethnisch deutsche Migranten &#8220;zur\u00fcck&#8221; in Deutschland"},"content":{"rendered":"<ul>\n<li><a href=\"http:\/\/www.zdf.de\/ZDFmediathek\/beitrag\/video\/2299378\/Kalte-Heimat-Vertriebene-in-Deutschland#\/beitrag\/video\/2299378\/Kalte-Heimat-Vertriebene-in-Deutschland\">http:\/\/www.zdf.de\/ZDFmediathek\/beitrag\/video\/2299378\/Kalte-Heimat-Vertriebene-in-Deutschland#\/beitrag\/video\/2299378\/Kalte-Heimat-Vertriebene-in-Deutschland<\/a>\u00a0\u2013 vielleicht ist dieser Film ja sogar langfristig in der Mediathek verf\u00fcgbar<\/li>\n<li><a href=\"https:\/\/de.wikipedia.org\/wiki\/Aussiedler_und_Sp%C3%A4taussiedler\">https:\/\/de.wikipedia.org\/wiki\/Aussiedler_und_Sp\u00e4taussiedler<\/a><\/li>\n<li><a href=\"http:\/\/www.sendungverpasst.de\/content\/history-kalte-heimat-vertriebene-deutschland\">http:\/\/www.sendungverpasst.de\/content\/history-kalte-heimat-vertriebene-deutschland<\/a>\u00a0\u2013 ???<\/li>\n<li><a href=\"http:\/\/www.amazon.de\/dp\/B004OL2BI0\">http:\/\/www.amazon.de\/dp\/B004OL2BI0<\/a>\u00a0\u2013 passendes bzw. \u00e4hnliches e-book: Andreas Kossert: Kalte Heimat: Die Geschichte der deutschen Vertriebenen nach 1945<\/li>\n<li><a href=\"http:\/\/bookzz.org\/s\/?q=Andreas+Kossert+die+geschichte+der+deutschen+vertriebenen+nach+1945&amp;e=1&amp;t=0\">http:\/\/bookzz.org\/s\/?q=Andreas+Kossert+die+geschichte+der+deutschen+vertriebenen+nach+1945&amp;e=1&amp;t=0<\/a><\/li>\n<li>ich sah diesem Film <a href=\"https:\/\/www.bibleserver.com\/text\/ESV\/Amos9\" class=\"bibleserver extern\" target=\"_blank\" rel=\"noopener noreferrer\">am 2015-01-04<\/a> als ZDF-History-Folge, aber er wurde im ZDF auch schon im Januar 2010 und auf Phoenix im Oktober 2013 ausgestrahlt<\/li>\n<li><a href=\"http:\/\/www.phoenix.de\/zdf_history_kalte_heimat\/289309.htm\">http:\/\/www.phoenix.de\/zdf_history_kalte_heimat\/289309.htm<\/a>\u00a0:<\/li>\n<\/ul>\n<blockquote><p>Vierzehn Millionen Deutsche verlieren im und nach dem Zweiten Weltkrieg nicht nur Haus und Hof, sondern auch ihre Heimat. F\u00fcr Ostpreu\u00dfen, Pommern, Schlesier und Sudetendeutsche ist die neue Heimat im Westen anfangs leider eine kalte.<\/p>\n<p>H\u00e4ufig sind die Vertriebenen nicht willkommen. Sie werden als &#8220;Polacken&#8221; und &#8220;Rucksackdeutsche&#8221; diffamiert und m\u00fcssen oft in \u00e4rmlichen Notunterk\u00fcnf- ten wohnen. Erst nach Jahren verschaffen sie sich Respekt durch ihren Aufbauwillen und ihre Leistungsbereitschaft.<\/p>\n<p><strong>&#8220;Ich bin froh, hier zu sein&#8221;<\/strong><\/p>\n<p>Julia Neigel &#8211; heute eine bekannte Rocks\u00e4ngerin &#8211; ist f\u00fcnf Jahre alt, als sie mit ihren Eltern im Dezember 1971 aus der Sowjetunion nach Deutschland kommt. Ihre Familie war im Krieg getrennt worden und wird erst nach 30 Jahren wieder zusammen finden. Julia Neigels Gro\u00dfmutter stirbt in Stalins Gulag, ihre eigene Mutter \u00fcberlebt. Dreizehn Jahre stellt die Familie Ausreiseantr\u00e4ge, bis sie endlich nach Ludwigshafen ausreisen darf, wo Julias Gro\u00dfvater, der schon vorher fliehen konnte, sie erwartet.<\/p>\n<p>Julias Start in ihrer neuen deutschen Schule ist schlecht. Sie wird ausgegrenzt und gedem\u00fctigt. Fr\u00fcher in Russland das Nazi-Kind, jetzt in Deutschland &#8220;die b\u00f6se Russin&#8221;. Immer wieder wird sie von den Nachbarsjungen verpr\u00fcgelt. Als Julia Neigel vor einigen Jahren zur\u00fcck reist nach Barnaul in Sibirien, wo sie geboren wurde, sei das ein Schock gewesen, sagt sie. Die Armut der Menschen habe ihr fast das Herz gebrochen, doch ihre Herzlichkeit habe vieles geheilt. Zur\u00fcck bleibt vor allem das Gef\u00fchl von Dankbarkeit: &#8220;Ich habe das Hierherkommen und das Hierleben immer als ein Riesengl\u00fcck und als Riesenfreiheit empfunden, und ich bin sehr froh hier zu sein.&#8221;<\/p>\n<p><strong>Verbotene Liebe<\/strong><\/p>\n<p>In Westfalen, in der britischen Besatzungszone, liegt der Hof der Familie Landwehrmann. Sie sind die wohlhabendsten Bauern in der Gegend um Bielefeld. Nach Kriegsende findet Erich Kroll, Fl\u00fcchtling aus Ostpreu\u00dfen, bei den reichen Bauern Arbeit. Erichs Familie hatte in Ostpreu\u00dfen einen eigenen Hof. Bei den Landwehrmanns muss er als Pferdeknecht arbeiten.<\/p>\n<p>Dabei kommen er und die j\u00fcngste Tochter sich n\u00e4her. Hanna Landwehrmann verliebt sich in den armen Fl\u00fcchtling. Als ihre Eltern von der Liebe erfahren, wollen sie die Verbindung mit allen Mitteln verhindern. Hannas Mutter schmiedet sogar Pl\u00e4ne, das junge Liebespaar zu vergiften, damit die j\u00fcngste Tochter keine Schande \u00fcber die Familie bringt. Zum \u00c4u\u00dfersten kommt es nicht, aber am Ende muss Hanna hinnehmen, dass sie der Vater f\u00fcr ihre Wahl enterbt.<\/p><\/blockquote>\n<p>Die in dieser Film-Dokumentation erw\u00e4hnten Fluchtbewegungen (n\u00e4mlich diejenie direkt beim &#8220;Zusammenbruch&#8221; und dann diejenige sich fast in die Gegenwart erstreckende der &#8220;Sp\u00e4taussiedler&#8221;) waren nicht die einzigen durch den 2. Weltkrieg initiierten Fluchtbewegungen ethnischer Deutscher. Ich kann das nicht wissenschaftlich beweisen, aber mein eigener Vater und seine Eltern kamen schon vor 1945 aus der Bukowina &#8220;zur\u00fcck&#8221; nach Kern-Deutschland, wohl nicht direkt als Vertriebene aber sicher um der Vertreibung vorwegzukommen.<\/p>\n<p>Die Redakteure des Filmes haben eigentlich einen &#8220;ziemlich moralinsauren Ton drauf&#8221;. B\u00fcrger der 4 Besatzungszonen und sp\u00e4ter der deutschen Nachfolgestaaten habe es an v\u00f6lkischer Solidarit\u00e4t zu den Vertrieben bzw. ethnisch deutschen Migranten gefehlt. Au weia! Was haben sie denn gemeinsam? Die deutsche Sprache etwa \u2013 und das in weit auseinander klaffenden Dialekten, um es harmlos zu formulieren? Nun, (ethnisch) Deutsche aus Nord, S\u00fcd, Ost und West sind sich bis heute nicht gr\u00fcn \u2013 was kann man dann von diesen &#8220;erwarten&#8221;, wenn Deutsche von wo ganz anders her dazusto\u00dfen? Sie sind de facto Migranten und sogar Ausl\u00e4nder, auch wenn das de jure anders aussehen mag.<\/p>\n<p>Selbst Familien (im Verwandtschaftskreis), die sich selbst z.T. aus Vertriebenen zusammensetzen, brachten kein (emotionales, tragf\u00e4higes) Verst\u00e4ndnis f\u00fcr &#8220;Sp\u00e4taussiedler&#8221; (Russlanddeutsche) auf, die noch viel sp\u00e4ter erst (nach 2000 z.B.) sich &#8220;auf den Weg nach Hause&#8221; machten.\t\t\t\t<\/p>\n","protected":false},"excerpt":{"rendered":"<p>http:\/\/www.zdf.de\/ZDFmediathek\/beitrag\/video\/2299378\/Kalte-Heimat-Vertriebene-in-Deutschland#\/beitrag\/video\/2299378\/Kalte-Heimat-Vertriebene-in-Deutschland\u00a0\u2013 vielleicht ist dieser Film ja sogar langfristig in der Mediathek verf\u00fcgbar https:\/\/de.wikipedia.org\/wiki\/Aussiedler_und_Sp\u00e4taussiedler http:\/\/www.sendungverpasst.de\/content\/history-kalte-heimat-vertriebene-deutschland\u00a0\u2013 ??? http:\/\/www.amazon.de\/dp\/B004OL2BI0\u00a0\u2013 passendes bzw. \u00e4hnliches e-book: Andreas Kossert: Kalte Heimat: Die Geschichte der deutschen Vertriebenen nach 1945 http:\/\/bookzz.org\/s\/?q=Andreas+Kossert+die+geschichte+der+deutschen+vertriebenen+nach+1945&amp;e=1&amp;t=0 ich sah diesem Film am 2015-01-04 als ZDF-History-Folge, aber er wurde im ZDF auch schon im Januar 2010 und auf Phoenix im Oktober [&hellip;]<\/p>\n","protected":false},"author":1,"featured_media":0,"comment_status":"open","ping_status":"closed","sticky":false,"template":"","format":"standard","meta":{"_crdt_document":"","advanced_seo_description":"","jetpack_seo_html_title":"","jetpack_seo_noindex":false,"jetpack_post_was_ever_published":false,"_jetpack_newsletter_access":"","_jetpack_dont_email_post_to_subs":false,"_jetpack_newsletter_tier_id":0,"_jetpack_memberships_contains_paywalled_content":false,"_jetpack_memberships_contains_paid_content":false,"footnotes":"","jetpack_publicize_message":"","jetpack_publicize_feature_enabled":true,"jetpack_social_post_already_shared":true,"jetpack_social_options":{"image_generator_settings":{"template":"highway","default_image_id":0,"font":"","enabled":false},"version":2},"_share_on_mastodon":"0"},"categories":[352],"tags":[],"class_list":["post-4573","post","type-post","status-publish","format-standard","hentry","category-nicht-zugeordnet"],"share_on_mastodon":{"url":"","error":""},"jetpack_publicize_connections":[],"jetpack_featured_media_url":"","jetpack_sharing_enabled":true,"jetpack_shortlink":"https:\/\/wp.me\/paO0l8-1bL","jetpack_likes_enabled":true,"amp_enabled":true,"_links":{"self":[{"href":"https:\/\/wp.jochen.hayek.name\/blog-de\/wp-json\/wp\/v2\/posts\/4573","targetHints":{"allow":["GET"]}}],"collection":[{"href":"https:\/\/wp.jochen.hayek.name\/blog-de\/wp-json\/wp\/v2\/posts"}],"about":[{"href":"https:\/\/wp.jochen.hayek.name\/blog-de\/wp-json\/wp\/v2\/types\/post"}],"author":[{"embeddable":true,"href":"https:\/\/wp.jochen.hayek.name\/blog-de\/wp-json\/wp\/v2\/users\/1"}],"replies":[{"embeddable":true,"href":"https:\/\/wp.jochen.hayek.name\/blog-de\/wp-json\/wp\/v2\/comments?post=4573"}],"version-history":[{"count":0,"href":"https:\/\/wp.jochen.hayek.name\/blog-de\/wp-json\/wp\/v2\/posts\/4573\/revisions"}],"wp:attachment":[{"href":"https:\/\/wp.jochen.hayek.name\/blog-de\/wp-json\/wp\/v2\/media?parent=4573"}],"wp:term":[{"taxonomy":"category","embeddable":true,"href":"https:\/\/wp.jochen.hayek.name\/blog-de\/wp-json\/wp\/v2\/categories?post=4573"},{"taxonomy":"post_tag","embeddable":true,"href":"https:\/\/wp.jochen.hayek.name\/blog-de\/wp-json\/wp\/v2\/tags?post=4573"}],"curies":[{"name":"wp","href":"https:\/\/api.w.org\/{rel}","templated":true}]}}