{"id":4680,"date":"2015-01-22T13:50:02","date_gmt":"2015-01-22T12:50:02","guid":{"rendered":"http:\/\/www.b.shuttle.de\/hayek\/hayek\/jochen\/wp\/blog-de\/?p=4680"},"modified":"2015-01-22T13:50:02","modified_gmt":"2015-01-22T12:50:02","slug":"buch-von-joachim-meyerhoff-alle-toten-fliegen-hoch-teil-2-wann-wird-es-endlich-wieder-so-wie-es-nie-war","status":"publish","type":"post","link":"https:\/\/wp.jochen.hayek.name\/blog-de\/2015\/01\/22\/buch-von-joachim-meyerhoff-alle-toten-fliegen-hoch-teil-2-wann-wird-es-endlich-wieder-so-wie-es-nie-war\/","title":{"rendered":"Buch von Joachim Meyerhoff: Alle Toten fliegen hoch, Teil 2: Wann wird es endlich wieder so, wie es nie war"},"content":{"rendered":"<ul>\n<li><a href=\"https:\/\/de.wikipedia.org\/wiki\/Joachim_Meyerhoff\">https:\/\/de.wikipedia.org\/wiki\/Joachim_Meyerhoff<\/a><\/li>\n<li><a href=\"https:\/\/www.lul.to\/person\/Joachim+Meyerhoff\">https:\/\/www.lul.to\/person\/Joachim+Meyerhoff<\/a><\/li>\n<li><a href=\"https:\/\/de.wikipedia.org\/wiki\/Spezial:ISBN-Suche\/9783462045161\">https:\/\/de.wikipedia.org\/wiki\/Spezial:ISBN-Suche\/9783462045161<\/a> \u2013 &#8220;Alle Toten fliegen hoch&#8221;, Teil 2<\/li>\n<li><a href=\"http:\/\/www.amazon.de\/dp\/B00AJCIKJC\">http:\/\/www.amazon.de\/dp\/B00AJCIKJC<\/a>\u00a0\u2013 &#8220;Alle Toten fliegen hoch&#8221;, Teil 2 \u2013 Kindle-Edition f\u00fcr inzwischen erschwingliche \u20ac10<\/li>\n<li><a href=\"https:\/\/www.lul.to\/2tl\/alle-toten-fliegen-hoch-teil-2-wann-wird-es-endlich-wieder-s\/\">https:\/\/www.lul.to\/2tl\/alle-toten-fliegen-hoch-teil-2-wann-wird-es-endlich-wieder-s\/<\/a>\u00a0\u2013 Teil 2<\/li>\n<\/ul>\n<p>Aus dem Kapitel &#8220;<em>Bis hierhin und nicht weiter<\/em>&#8220;:<\/p>\n<blockquote><p>\u2026 Ich war eine Woche zuvor sieben Jahre alt geworden und hatte diesem Geburtstag entgegengefiebert, da ich durch ihn endlich das Recht erwarb, den Schulweg allein zur\u00fcckzulegen. Von einem Tag auf den anderen durfte ich nun stehen bleiben und weitergehen, wann immer ich es wollte. \u2026\u00a0waren wie ver\u00e4ndert, und ich entdeckte lauter Dinge, die mir in Begleitung meiner Mutter oder meiner Br\u00fcder noch nie aufgefallen waren. Ich machte etwas gr\u00f6\u00dfere Schritte und kam mir unglaublich erwachsen vor. Dadurch, dass ich ein Einzelner war, vereinzelten sich auch die Dinge um mich herum. Gegen\u00fcberstellungen auf Augenh\u00f6he: Die Kreuzung und ich. Der Kiosk und ich. Die Schrottplatz-Mauer und ich.<br \/>\nWie viele Entscheidungen ich pl\u00f6tzlich selbst treffen durfte, \u00fcberraschte mich. An der Hand meiner Mutter hatte ich meist vor mich hin getr\u00e4umt oder mit ihr geredet und mich, nie auf den Weg achtend, zur Schule bringen lassen wie einen Brief zum Postkasten.<br \/>\nDie erste Woche lang war ich brav, wie ich es hoch und heilig versprochen hatte, den verabredeten Weg gegangen \u2013 den Weg, in den mich meine Mutter mit allem Nach-links- und Nach-rechts- und wieder Nach-links-Gucken eingewiesen hatte, doch am darauffolgenden Montag beschloss ich, einen kleinen Umweg durch die Schrebergartensiedlung zu nehmen.\u00a0\u2026<\/p><\/blockquote>\n<p>Wenn ich heute Abend (2015-01-22) wieder Zeit finde, w\u00fcrde ich gerne daf\u00fcr bezahlen, es eben kaufen.<\/p>\n<p>Vom Ende des\u00a0Kapitels &#8220;Bis hierhin und nicht weiter&#8221;:<\/p>\n<blockquote><p>F\u00fcr mich war das eine unfassbar befreiende Erkenntnis: Erfinden hei\u00dft Erinnern.<\/p><\/blockquote>\n<p>Das Kapitel &#8220;Zuhause in der Psychiatrie&#8221; zu Ende gelesen.<\/p>\n<p>Die Kapitel &#8220;Die H\u00f6he der Buchstaben&#8221; und &#8220;Das Geburtstagsfr\u00fchst\u00fcck&#8221; gelesen.<\/p>\n<p>Vom Ende des Kapitels &#8220;Freundinnen&#8221; \u2013 er zitiert den Vater und kommentiert dann:<\/p>\n<blockquote><p>\u00bbEs gibt Dinge, die du tust, die mich nichts an\u00adge\u00adhen, und es gibt Dinge, die ich tue, die dich nichts an\u00adge\u00adhen.\u00ab<br \/>\nEr senk\u00adte den Blick und las wei\u00adter.<\/p>\n<p>Die\u00adsen Satz habe ich mo\u00adna\u00adte\u00adlang als schlim\u00adme Kr\u00e4n\u00adkung mit mir her\u00adum\u00adge\u00adtra\u00adgen, und erst sp\u00e4\u00adter wurde mir klar, dass auch mir die\u00adser Va\u00adter\u00adsatz gro\u00dfe Frei\u00adhei\u00adten gab, die es zu nut\u00adzen galt.<\/p><\/blockquote>\n<p>2015-02-11 : Ich bin nun auch mit Band 2 fertig \u2013 ein wenig traurig \u2013 muss mich wohl wieder an ein neues aktuelles Lieblings-Buch gew\u00f6hnen.\t\t\t\t<\/p>\n","protected":false},"excerpt":{"rendered":"<p>https:\/\/de.wikipedia.org\/wiki\/Joachim_Meyerhoff https:\/\/www.lul.to\/person\/Joachim+Meyerhoff https:\/\/de.wikipedia.org\/wiki\/Spezial:ISBN-Suche\/9783462045161 \u2013 &#8220;Alle Toten fliegen hoch&#8221;, Teil 2 http:\/\/www.amazon.de\/dp\/B00AJCIKJC\u00a0\u2013 &#8220;Alle Toten fliegen hoch&#8221;, Teil 2 \u2013 Kindle-Edition f\u00fcr inzwischen erschwingliche \u20ac10 https:\/\/www.lul.to\/2tl\/alle-toten-fliegen-hoch-teil-2-wann-wird-es-endlich-wieder-s\/\u00a0\u2013 Teil 2 Aus dem Kapitel &#8220;Bis hierhin und nicht weiter&#8220;: \u2026 Ich war eine Woche zuvor sieben Jahre alt geworden und hatte diesem Geburtstag entgegengefiebert, da ich durch ihn endlich das [&hellip;]<\/p>\n","protected":false},"author":1,"featured_media":0,"comment_status":"open","ping_status":"closed","sticky":false,"template":"","format":"standard","meta":{"_crdt_document":"","advanced_seo_description":"","jetpack_seo_html_title":"","jetpack_seo_noindex":false,"jetpack_post_was_ever_published":false,"_jetpack_newsletter_access":"","_jetpack_dont_email_post_to_subs":false,"_jetpack_newsletter_tier_id":0,"_jetpack_memberships_contains_paywalled_content":false,"_jetpack_memberships_contains_paid_content":false,"footnotes":"","jetpack_publicize_message":"","jetpack_publicize_feature_enabled":true,"jetpack_social_post_already_shared":true,"jetpack_social_options":{"image_generator_settings":{"template":"highway","default_image_id":0,"font":"","enabled":false},"version":2},"_share_on_mastodon":"0"},"categories":[724,297,352],"tags":[819,1030,1035],"class_list":["post-4680","post","type-post","status-publish","format-standard","hentry","category-joachim-meyerhoff","category-literatur","category-nicht-zugeordnet","tag-alle-toten-fliegen-hoch","tag-isbn","tag-joachim-meyerhoff"],"share_on_mastodon":{"url":"","error":""},"jetpack_publicize_connections":[],"jetpack_featured_media_url":"","jetpack_sharing_enabled":true,"jetpack_shortlink":"https:\/\/wp.me\/paO0l8-1du","jetpack_likes_enabled":true,"amp_enabled":true,"_links":{"self":[{"href":"https:\/\/wp.jochen.hayek.name\/blog-de\/wp-json\/wp\/v2\/posts\/4680","targetHints":{"allow":["GET"]}}],"collection":[{"href":"https:\/\/wp.jochen.hayek.name\/blog-de\/wp-json\/wp\/v2\/posts"}],"about":[{"href":"https:\/\/wp.jochen.hayek.name\/blog-de\/wp-json\/wp\/v2\/types\/post"}],"author":[{"embeddable":true,"href":"https:\/\/wp.jochen.hayek.name\/blog-de\/wp-json\/wp\/v2\/users\/1"}],"replies":[{"embeddable":true,"href":"https:\/\/wp.jochen.hayek.name\/blog-de\/wp-json\/wp\/v2\/comments?post=4680"}],"version-history":[{"count":0,"href":"https:\/\/wp.jochen.hayek.name\/blog-de\/wp-json\/wp\/v2\/posts\/4680\/revisions"}],"wp:attachment":[{"href":"https:\/\/wp.jochen.hayek.name\/blog-de\/wp-json\/wp\/v2\/media?parent=4680"}],"wp:term":[{"taxonomy":"category","embeddable":true,"href":"https:\/\/wp.jochen.hayek.name\/blog-de\/wp-json\/wp\/v2\/categories?post=4680"},{"taxonomy":"post_tag","embeddable":true,"href":"https:\/\/wp.jochen.hayek.name\/blog-de\/wp-json\/wp\/v2\/tags?post=4680"}],"curies":[{"name":"wp","href":"https:\/\/api.w.org\/{rel}","templated":true}]}}