{"id":4859,"date":"2015-03-21T05:15:11","date_gmt":"2015-03-21T04:15:11","guid":{"rendered":"http:\/\/www.b.shuttle.de\/hayek\/hayek\/jochen\/wp\/blog-de\/?p=4859"},"modified":"2015-03-21T05:15:11","modified_gmt":"2015-03-21T04:15:11","slug":"e-books-bundesregierung-tritt-fur-gesenkte-mehrwertsteuer-ein","status":"publish","type":"post","link":"https:\/\/wp.jochen.hayek.name\/blog-de\/2015\/03\/21\/e-books-bundesregierung-tritt-fur-gesenkte-mehrwertsteuer-ein\/","title":{"rendered":"E-Books: Bundesregierung tritt f\u00fcr gesenkte Mehrwertsteuer ein"},"content":{"rendered":"<ul>\n<li><a href=\"http:\/\/www.heise.de\/newsticker\/meldung\/E-Books-Bundesregierung-tritt-fuer-gesenkte-Mehrwertsteuer-ein-2580670.htm\">http:\/\/www.heise.de\/newsticker\/meldung\/E-Books-Bundesregierung-tritt-fuer-gesenkte-Mehrwertsteuer-ein-2580670.htm<\/a><\/li>\n<\/ul>\n<div><a title=\"E-Books: Bundesregierung tritt f\u00fcr gesenkte Mehrwertsteuer ein\" href=\"http:\/\/www.heise.de\/newsticker\/meldung\/E-Books-Bundesregierung-tritt-fuer-gesenkte-Mehrwertsteuer-ein-2580670.html?wt_mc=rss.ho.beitrag.atom\"> <img data-recalc-dims=\"1\" decoding=\"async\" src=\"https:\/\/i0.wp.com\/www.heise.de\/scale\/geometry\/200\/q50\/imgs\/18\/1\/4\/5\/2\/7\/1\/6\/urn-newsml-dpa-com-20090101-140717-99-04199_large_4_3-092f8475ee2eafb9.jpeg\" alt=\"Kindle\" \/><\/a>Die &#8220;ungerechtfertigte Schlechterstellung von E-Books\u201c beim Mehrwertsteuersatz soll beendet werden, fordert die Staatsministerin f\u00fcr Kultur Monika Gr\u00fctters. Die EU-Kommission m\u00fcsse unverz\u00fcglich handeln<\/p>\n<\/div>\n<p><img data-recalc-dims=\"1\" loading=\"lazy\" decoding=\"async\" src=\"https:\/\/i0.wp.com\/heise.de.feedsportal.com\/c\/35207\/f\/653902\/s\/449313c3\/sc\/37\/mf.gif?resize=1%2C1\" alt=\"mf.gif\" width=\"1\" height=\"1\" \/><\/p>\n<p><a href=\"http:\/\/da.feedsportal.com\/r\/223515166884\/u\/31\/f\/653902\/c\/35207\/s\/449313c3\/sc\/37\/rc\/1\/rc.htm\"><img decoding=\"async\" src=\"http:\/\/da.feedsportal.com\/r\/223515166884\/u\/31\/f\/653902\/c\/35207\/s\/449313c3\/sc\/37\/rc\/1\/rc.img\" alt=\"rc.img\" \/><\/a><br \/>\n<a href=\"http:\/\/da.feedsportal.com\/r\/223515166884\/u\/31\/f\/653902\/c\/35207\/s\/449313c3\/sc\/37\/rc\/2\/rc.htm\"><img decoding=\"async\" src=\"http:\/\/da.feedsportal.com\/r\/223515166884\/u\/31\/f\/653902\/c\/35207\/s\/449313c3\/sc\/37\/rc\/2\/rc.img\" alt=\"rc.img\" \/><\/a><br \/>\n<a href=\"http:\/\/da.feedsportal.com\/r\/223515166884\/u\/31\/f\/653902\/c\/35207\/s\/449313c3\/sc\/37\/rc\/3\/rc.htm\"><img decoding=\"async\" src=\"http:\/\/da.feedsportal.com\/r\/223515166884\/u\/31\/f\/653902\/c\/35207\/s\/449313c3\/sc\/37\/rc\/3\/rc.img\" alt=\"rc.img\" \/><\/a><\/p>\n<p><a href=\"http:\/\/da.feedsportal.com\/r\/223515166884\/u\/31\/f\/653902\/c\/35207\/s\/449313c3\/sc\/37\/a2.htm\"><img decoding=\"async\" src=\"http:\/\/da.feedsportal.com\/r\/223515166884\/u\/31\/f\/653902\/c\/35207\/s\/449313c3\/sc\/37\/a2.img\" alt=\"a2.img\" \/><\/a><img loading=\"lazy\" decoding=\"async\" src=\"http:\/\/pi.feedsportal.com\/r\/223515166884\/u\/31\/f\/653902\/c\/35207\/s\/449313c3\/sc\/37\/a2t.img\" alt=\"a2t.img\" width=\"1\" height=\"1\" \/>\t\t\t\t<\/p>\n","protected":false},"excerpt":{"rendered":"<p>http:\/\/www.heise.de\/newsticker\/meldung\/E-Books-Bundesregierung-tritt-fuer-gesenkte-Mehrwertsteuer-ein-2580670.htm Die &#8220;ungerechtfertigte Schlechterstellung von E-Books\u201c beim Mehrwertsteuersatz soll beendet werden, fordert die Staatsministerin f\u00fcr Kultur Monika Gr\u00fctters. Die EU-Kommission m\u00fcsse unverz\u00fcglich handeln<\/p>\n","protected":false},"author":1,"featured_media":0,"comment_status":"open","ping_status":"closed","sticky":false,"template":"","format":"standard","meta":{"_crdt_document":"","advanced_seo_description":"","jetpack_seo_html_title":"","jetpack_seo_noindex":false,"jetpack_post_was_ever_published":false,"_jetpack_newsletter_access":"","_jetpack_dont_email_post_to_subs":false,"_jetpack_newsletter_tier_id":0,"_jetpack_memberships_contains_paywalled_content":false,"_jetpack_memberships_contains_paid_content":false,"footnotes":"","jetpack_publicize_message":"","jetpack_publicize_feature_enabled":true,"jetpack_social_post_already_shared":true,"jetpack_social_options":{"image_generator_settings":{"template":"highway","default_image_id":0,"font":"","enabled":false},"version":2},"_share_on_mastodon":"0"},"categories":[352],"tags":[1267],"class_list":["post-4859","post","type-post","status-publish","format-standard","hentry","category-nicht-zugeordnet","tag-steuern"],"share_on_mastodon":{"url":"","error":""},"jetpack_publicize_connections":[],"jetpack_featured_media_url":"","jetpack_sharing_enabled":true,"jetpack_shortlink":"https:\/\/wp.me\/paO0l8-1gn","jetpack_likes_enabled":true,"amp_enabled":true,"_links":{"self":[{"href":"https:\/\/wp.jochen.hayek.name\/blog-de\/wp-json\/wp\/v2\/posts\/4859","targetHints":{"allow":["GET"]}}],"collection":[{"href":"https:\/\/wp.jochen.hayek.name\/blog-de\/wp-json\/wp\/v2\/posts"}],"about":[{"href":"https:\/\/wp.jochen.hayek.name\/blog-de\/wp-json\/wp\/v2\/types\/post"}],"author":[{"embeddable":true,"href":"https:\/\/wp.jochen.hayek.name\/blog-de\/wp-json\/wp\/v2\/users\/1"}],"replies":[{"embeddable":true,"href":"https:\/\/wp.jochen.hayek.name\/blog-de\/wp-json\/wp\/v2\/comments?post=4859"}],"version-history":[{"count":0,"href":"https:\/\/wp.jochen.hayek.name\/blog-de\/wp-json\/wp\/v2\/posts\/4859\/revisions"}],"wp:attachment":[{"href":"https:\/\/wp.jochen.hayek.name\/blog-de\/wp-json\/wp\/v2\/media?parent=4859"}],"wp:term":[{"taxonomy":"category","embeddable":true,"href":"https:\/\/wp.jochen.hayek.name\/blog-de\/wp-json\/wp\/v2\/categories?post=4859"},{"taxonomy":"post_tag","embeddable":true,"href":"https:\/\/wp.jochen.hayek.name\/blog-de\/wp-json\/wp\/v2\/tags?post=4859"}],"curies":[{"name":"wp","href":"https:\/\/api.w.org\/{rel}","templated":true}]}}