{"id":4895,"date":"2015-04-11T18:40:18","date_gmt":"2015-04-11T16:40:18","guid":{"rendered":"http:\/\/www.b.shuttle.de\/hayek\/hayek\/jochen\/wp\/blog-de\/?p=4895"},"modified":"2015-04-11T18:40:18","modified_gmt":"2015-04-11T16:40:18","slug":"die-vokabel-lugenpresse-distanzierung","status":"publish","type":"post","link":"https:\/\/wp.jochen.hayek.name\/blog-de\/2015\/04\/11\/die-vokabel-lugenpresse-distanzierung\/","title":{"rendered":"wer benutzt die Vokabel L\u00fcgenpresse? ei, ei, \u2026 \u2013 da distanzieren wir uns mal lieber!"},"content":{"rendered":"<ul>\n<li><a href=\"https:\/\/de.wikipedia.org\/wiki\/Vierte_Gewalt\">https:\/\/de.wikipedia.org\/wiki\/Vierte_Gewalt<\/a><\/li>\n<li><a href=\"https:\/\/de.wikipedia.org\/wiki\/L%C3%BCgenpresse\">https:\/\/de.wikipedia.org\/wiki\/L\u00fcgenpresse<\/a>\u00a0:<\/li>\n<\/ul>\n<blockquote><p>Nach dem Ende des Zweiten Weltkriegs im Jahr 1945 kam das Wort zun\u00e4chst nur mehr sporadisch vor. Es wurde etwa im Kalten Krieg gelegentlich in Medien der DDR zur Herabsetzung der westdeutschen Presse benutzt. In der 68er-Bewegung bezeichnete es in Einzelf\u00e4llen die Zeitungen des Springer-Verlags. Seit der Jahrtausendwende ist es unter Rechtsextremen und Hooligans gel\u00e4ufig.<\/p>\n<p>&nbsp;<\/p>\n<p>Erneut in den Fokus der \u00f6ffentlichen Wahrnehmung geriet das Wort ab Herbst 2014 durch die Proteste der Pegida-Bewegung in Dresden und anderen St\u00e4dten, wo es oft in Sprechch\u00f6ren wie \u201eL\u00fcgenpresse, halt die Fresse\u201c skandiert wurde.<\/p>\n<p>&nbsp;<\/p>\n<p><a href=\"https:\/\/www.bibleserver.com\/text\/ESV\/Amos9\" class=\"bibleserver extern\" target=\"_blank\" rel=\"noopener noreferrer\">Am 13<\/a>. Januar 2015 wurde der Begriff von der Sprachkritischen Aktion Unwort des Jahres zum deutschen \u201eUnwort des Jahres 2014\u201c gew\u00e4hlt.<\/p><\/blockquote>\n","protected":false},"excerpt":{"rendered":"<p>https:\/\/de.wikipedia.org\/wiki\/Vierte_Gewalt https:\/\/de.wikipedia.org\/wiki\/L\u00fcgenpresse\u00a0: Nach dem Ende des Zweiten Weltkriegs im Jahr 1945 kam das Wort zun\u00e4chst nur mehr sporadisch vor. Es wurde etwa im Kalten Krieg gelegentlich in Medien der DDR zur Herabsetzung der westdeutschen Presse benutzt. In der 68er-Bewegung bezeichnete es in Einzelf\u00e4llen die Zeitungen des Springer-Verlags. Seit der Jahrtausendwende ist es unter Rechtsextremen und [&hellip;]<\/p>\n","protected":false},"author":1,"featured_media":0,"comment_status":"open","ping_status":"closed","sticky":false,"template":"","format":"standard","meta":{"_crdt_document":"","advanced_seo_description":"","jetpack_seo_html_title":"","jetpack_seo_noindex":false,"jetpack_post_was_ever_published":false,"_jetpack_newsletter_access":"","_jetpack_dont_email_post_to_subs":false,"_jetpack_newsletter_tier_id":0,"_jetpack_memberships_contains_paywalled_content":false,"_jetpack_memberships_contains_paid_content":false,"footnotes":"","jetpack_publicize_message":"","jetpack_publicize_feature_enabled":true,"jetpack_social_post_already_shared":true,"jetpack_social_options":{"image_generator_settings":{"template":"highway","default_image_id":0,"font":"","enabled":false},"version":2},"_share_on_mastodon":"0"},"categories":[352],"tags":[],"class_list":["post-4895","post","type-post","status-publish","format-standard","hentry","category-nicht-zugeordnet"],"share_on_mastodon":{"url":"","error":""},"jetpack_publicize_connections":[],"jetpack_featured_media_url":"","jetpack_sharing_enabled":true,"jetpack_shortlink":"https:\/\/wp.me\/paO0l8-1gX","jetpack_likes_enabled":true,"amp_enabled":true,"_links":{"self":[{"href":"https:\/\/wp.jochen.hayek.name\/blog-de\/wp-json\/wp\/v2\/posts\/4895","targetHints":{"allow":["GET"]}}],"collection":[{"href":"https:\/\/wp.jochen.hayek.name\/blog-de\/wp-json\/wp\/v2\/posts"}],"about":[{"href":"https:\/\/wp.jochen.hayek.name\/blog-de\/wp-json\/wp\/v2\/types\/post"}],"author":[{"embeddable":true,"href":"https:\/\/wp.jochen.hayek.name\/blog-de\/wp-json\/wp\/v2\/users\/1"}],"replies":[{"embeddable":true,"href":"https:\/\/wp.jochen.hayek.name\/blog-de\/wp-json\/wp\/v2\/comments?post=4895"}],"version-history":[{"count":0,"href":"https:\/\/wp.jochen.hayek.name\/blog-de\/wp-json\/wp\/v2\/posts\/4895\/revisions"}],"wp:attachment":[{"href":"https:\/\/wp.jochen.hayek.name\/blog-de\/wp-json\/wp\/v2\/media?parent=4895"}],"wp:term":[{"taxonomy":"category","embeddable":true,"href":"https:\/\/wp.jochen.hayek.name\/blog-de\/wp-json\/wp\/v2\/categories?post=4895"},{"taxonomy":"post_tag","embeddable":true,"href":"https:\/\/wp.jochen.hayek.name\/blog-de\/wp-json\/wp\/v2\/tags?post=4895"}],"curies":[{"name":"wp","href":"https:\/\/api.w.org\/{rel}","templated":true}]}}