{"id":5358,"date":"2015-11-06T15:59:06","date_gmt":"2015-11-06T14:59:06","guid":{"rendered":"http:\/\/www.b.shuttle.de\/hayek\/hayek\/jochen\/wp\/blog-de\/?p=5358"},"modified":"2015-11-06T15:59:06","modified_gmt":"2015-11-06T14:59:06","slug":"macbook-air-mit-maus","status":"publish","type":"post","link":"https:\/\/wp.jochen.hayek.name\/blog-de\/2015\/11\/06\/macbook-air-mit-maus\/","title":{"rendered":"unterwegs gesehen: ein schickes MacBook Air mit einer banalen schwarzen Maus \u2013 das musste ich kommentieren \u2026 \u2013 zur\u00fcck: &#8220;ich brauche keine Beratung&#8221;"},"content":{"rendered":"<p>\t\t\t\tBeim Fr\u00fchst\u00fcck heute in der Pension sah ich &#8220;jemand&#8221; mit einem schicken MacBook Air (wie dem meinen) \u2013 und daran hing eine banale schwarze Maus. Eigentlich tut mir ja <strong>jedes<\/strong> Notebook mit eingebautem Touchpad leid, wenn es so ein h\u00f6chst unn\u00f6tiges &#8220;Zubeh\u00f6r&#8221; drangeh\u00e4ngt bekommt \u2013 aber im Falle eines MacBook Air w\u00fcrde ich doch standesgem\u00e4\u00df wenigstens eine schicke &#8220;MagicMouse&#8221; erwarten. (Selbstverst\u00e4ndlich hat jeder MacMini bei mir zuhause seine eigene MagicMouse. Und nat\u00fcrlich wird sie induktiv geladen.) Ich wollte etwas Spa\u00df machen und kommentierte das in einer Minimal-Version gegen\u00fcber &#8220;jemand&#8221;. Aber &#8220;jemand&#8221; schien gar nicht bereit, zuh\u00f6ren zu wollen, und gab zur\u00fcck:\u00a0&#8220;Ich brauche keine Beratung.&#8221; OK \u2026 \u2013 das ist kaltschn\u00e4uzig.<\/p>\n<p>Als ich k\u00fcrzlich im Apple-Store zu tun hatte, sah ich eine &#8220;Klasse&#8221; von Leuten, die da anscheinend l\u00e4nger herumhingen \u2013 sie brauchten wohl verzweifelt Hilfe beim Aufspielen neuer Betriebssystemversionen f\u00fcr ihr MacBook, ihr iPHone oder ihr iPad. Im Apple-Store ist man ja nicht unfreundlich \u2013 man l\u00e4sst diese Menschen auch gerne einen halben Tag dort herumsitzen und betreut ihre Software-Installation. Ich war geneigt, mich zu fragen, ob Menschen, die &#8220;einfache&#8221; Sofware-Upgrades nicht selbst hinbekommen, \u00fcberhaupt so ein Ger\u00e4t besitzen d\u00fcrfen sollten \u2013 aber auf der anderen Seite: Nat\u00fcrlich darf man so ein Ger\u00e4t zu einer schicken Schreibmaschine degradieren und sich beim Software-Upgraden helfen lassen. Jeder wei\u00df, wo seine Grenzen sind. Jeder hat das Recht, Aufgaben (insbesondere gegen Penunzen) zu delegieren, und volkswirtschaftlich macht es sowieso Sinn, Auftr\u00e4ge an Dienstleister zu delegieren \u2013 damit wir alle etwas zu tun haben. Aber lachen muss ich trotzdem dar\u00fcber. Entschuldigung. Ein MacBook Air mit einer h\u00e4sslichen schwarzen Maus. <strong>Ich<\/strong> w\u00fcrde mich sch\u00e4men. Aber manche Leute sch\u00e4men sich f\u00fcr \u00fcberhaupt keinen Stilbruch. Irgendwann in der Zukunft wird &#8220;jemand \/ V2&#8221; sich wohl anh\u00f6ren m\u00fcssen, dass jenes (\u00fcberfl\u00fcssige) Zubeh\u00f6r wenigstens farblich abgestimmt sein muss \u2013 weil es dem MacBook Air (oder so) weh tun w\u00fcrde. Und dieser Satz wird so ausgesprochen werden, dass der ahnungslose &#8220;jemand \/ V2&#8221; \u00fcberhaupt nicht ahnt, wohin er f\u00fchrt und wo er endet \u2013 und wie man ihn abwenden oder vorzeitig unterbrochen kann. Ab und zu verdienen Stillose eben Hohn, den sie ertragen und herunterschlucken m\u00fcssen.<\/p>\n<p>Vielleicht gibt es ja auch einen &#8220;Tierschutzbund&#8221; f\u00fcr MacBook Air-s \u2026\u00a0 \ud83d\ude0e\u00a0 \ud83d\ude00<\/p>\n<p>Und das noch: Ich w\u00fcrde statt &#8220;schick&#8221; ja zu gerne &#8220;chic&#8221; schreiben, aber im Deutschen ist chic bez\u00fcglich Genus und Numerus eben nicht so &#8220;invariable&#8221; wie im Franz\u00f6sischen. Und was dabei dann herauskommt ist eben auch wieder stillos \u2013 und stillos wollen wir doch nicht sein. Nicht wahr?!\t\t\t\t<\/p>\n","protected":false},"excerpt":{"rendered":"<p>Beim Fr\u00fchst\u00fcck heute in der Pension sah ich &#8220;jemand&#8221; mit einem schicken MacBook Air (wie dem meinen) \u2013 und daran hing eine banale schwarze Maus. Eigentlich tut mir ja jedes Notebook mit eingebautem Touchpad leid, wenn es so ein h\u00f6chst unn\u00f6tiges &#8220;Zubeh\u00f6r&#8221; drangeh\u00e4ngt bekommt \u2013 aber im Falle eines MacBook Air w\u00fcrde ich doch standesgem\u00e4\u00df [&hellip;]<\/p>\n","protected":false},"author":1,"featured_media":0,"comment_status":"open","ping_status":"closed","sticky":false,"template":"","format":"standard","meta":{"_crdt_document":"","advanced_seo_description":"","jetpack_seo_html_title":"","jetpack_seo_noindex":false,"jetpack_post_was_ever_published":false,"_jetpack_newsletter_access":"","_jetpack_dont_email_post_to_subs":false,"_jetpack_newsletter_tier_id":0,"_jetpack_memberships_contains_paywalled_content":false,"_jetpack_memberships_contains_paid_content":false,"footnotes":"","jetpack_publicize_message":"","jetpack_publicize_feature_enabled":true,"jetpack_social_post_already_shared":true,"jetpack_social_options":{"image_generator_settings":{"template":"highway","default_image_id":0,"font":"","enabled":false},"version":2},"_share_on_mastodon":"0"},"categories":[352],"tags":[],"class_list":["post-5358","post","type-post","status-publish","format-standard","hentry","category-nicht-zugeordnet"],"share_on_mastodon":{"url":"","error":""},"jetpack_publicize_connections":[],"jetpack_featured_media_url":"","jetpack_sharing_enabled":true,"jetpack_shortlink":"https:\/\/wp.me\/paO0l8-1oq","jetpack_likes_enabled":true,"amp_enabled":true,"_links":{"self":[{"href":"https:\/\/wp.jochen.hayek.name\/blog-de\/wp-json\/wp\/v2\/posts\/5358","targetHints":{"allow":["GET"]}}],"collection":[{"href":"https:\/\/wp.jochen.hayek.name\/blog-de\/wp-json\/wp\/v2\/posts"}],"about":[{"href":"https:\/\/wp.jochen.hayek.name\/blog-de\/wp-json\/wp\/v2\/types\/post"}],"author":[{"embeddable":true,"href":"https:\/\/wp.jochen.hayek.name\/blog-de\/wp-json\/wp\/v2\/users\/1"}],"replies":[{"embeddable":true,"href":"https:\/\/wp.jochen.hayek.name\/blog-de\/wp-json\/wp\/v2\/comments?post=5358"}],"version-history":[{"count":0,"href":"https:\/\/wp.jochen.hayek.name\/blog-de\/wp-json\/wp\/v2\/posts\/5358\/revisions"}],"wp:attachment":[{"href":"https:\/\/wp.jochen.hayek.name\/blog-de\/wp-json\/wp\/v2\/media?parent=5358"}],"wp:term":[{"taxonomy":"category","embeddable":true,"href":"https:\/\/wp.jochen.hayek.name\/blog-de\/wp-json\/wp\/v2\/categories?post=5358"},{"taxonomy":"post_tag","embeddable":true,"href":"https:\/\/wp.jochen.hayek.name\/blog-de\/wp-json\/wp\/v2\/tags?post=5358"}],"curies":[{"name":"wp","href":"https:\/\/api.w.org\/{rel}","templated":true}]}}