{"id":5436,"date":"2015-11-28T13:08:12","date_gmt":"2015-11-28T12:08:12","guid":{"rendered":"http:\/\/www.b.shuttle.de\/hayek\/hayek\/jochen\/wp\/blog-de\/?p=5436"},"modified":"2015-11-28T13:08:12","modified_gmt":"2015-11-28T12:08:12","slug":"lala-susskind-die-judische-allgemeine-und-die-hetze-mit-unberechtigtem-vorwurf-gegen-das-kadewe","status":"publish","type":"post","link":"https:\/\/wp.jochen.hayek.name\/blog-de\/2015\/11\/28\/lala-susskind-die-judische-allgemeine-und-die-hetze-mit-unberechtigtem-vorwurf-gegen-das-kadewe\/","title":{"rendered":"Lala S\u00fcsskind, die &#8220;J\u00fcdische Allgemeine&#8221; und die Hetze mit unberechtigtem Vorwurf gegen das KaDeWe"},"content":{"rendered":"<ul>\n<li><a href=\"http:\/\/www.juedische-allgemeine.de\/article\/view\/id\/24016\">http:\/\/www.juedische-allgemeine.de\/article\/view\/id\/24016<\/a><\/li>\n<\/ul>\n<p>Durch reine Wiederholung wird der Vorwurf nicht wahrer, auch nicht durch eine nachgeschobene Detaillierung im nachhinein.<\/p>\n<p>Das KaDeWe erwartet wie inzwischen generell in der EU (so gedacht), dass Produkte aus den von Israel &#8220;nur&#8221; Besetzten Gebieten auch als ebensolche gekennzeichnet werden (solange sich Israel die Besetzten Gebiete nicht als origin\u00e4res Staatsgebiet einverleibt). Und wenn diese korrekte Kennzeichnung nicht erfolgt, was bleibt einem \u00fcbrig?<\/p>\n<p>Und nein, das KaDeWe f\u00fchrte keinen Generalangriff auf israelische Produkte durch.<\/p>\n<p>Sch\u00f6n, dass Frau S\u00fcsskind gerade wei\u00df, dass die Golanh\u00f6hen nicht israelisches Staatsgebiet ist, sondern zu den Besetzten Gebieten z\u00e4hlt. Der Allgemeinheit der Kunden des KaDeWe ist das sicher nicht bekannt. Die EU hatte ihre guten Gr\u00fcnde die Kennzeichnungspflicht zu beschlie\u00dfen. Wer sich daran (nach ausreichendem Vorlauf) nicht halten will, muss dann eben mit den Konsequenzen rechnen.<\/p>\n<p>Ich betrachte Frau S\u00fcsskinds Beitrag als Hetze. Ihr schelmischer Blick verr\u00e4t mir, dass ihr die Hetze und Verdrehung durchaus selbst bewusst ist.<\/p>\n<p>Ich bin \u00fcberhaupt nicht gegen den Verkauf von Produkten aus den Besetzten Gebieten. Die betroffenenen Betriebe geben \u00fcbrigens gerade auch den &#8220;<em>locals<\/em>&#8221; jedweden Hintergrunds Arbeitspl\u00e4tze. Gegen die Kennzeichnung bin ich allerdings nicht. Und f\u00fcr einen Boykott dieser Produkte bin ich auch nicht.\t\t\t\t<\/p>\n","protected":false},"excerpt":{"rendered":"<p>http:\/\/www.juedische-allgemeine.de\/article\/view\/id\/24016 Durch reine Wiederholung wird der Vorwurf nicht wahrer, auch nicht durch eine nachgeschobene Detaillierung im nachhinein. Das KaDeWe erwartet wie inzwischen generell in der EU (so gedacht), dass Produkte aus den von Israel &#8220;nur&#8221; Besetzten Gebieten auch als ebensolche gekennzeichnet werden (solange sich Israel die Besetzten Gebiete nicht als origin\u00e4res Staatsgebiet einverleibt). Und wenn [&hellip;]<\/p>\n","protected":false},"author":1,"featured_media":0,"comment_status":"open","ping_status":"closed","sticky":false,"template":"","format":"standard","meta":{"_crdt_document":"","advanced_seo_description":"","jetpack_seo_html_title":"","jetpack_seo_noindex":false,"jetpack_post_was_ever_published":false,"_jetpack_newsletter_access":"","_jetpack_dont_email_post_to_subs":false,"_jetpack_newsletter_tier_id":0,"_jetpack_memberships_contains_paywalled_content":false,"_jetpack_memberships_contains_paid_content":false,"footnotes":"","jetpack_publicize_message":"","jetpack_publicize_feature_enabled":true,"jetpack_social_post_already_shared":true,"jetpack_social_options":{"image_generator_settings":{"template":"highway","default_image_id":0,"font":"","enabled":false},"version":2},"_share_on_mastodon":"0"},"categories":[352],"tags":[1044],"class_list":["post-5436","post","type-post","status-publish","format-standard","hentry","category-nicht-zugeordnet","tag-kadewe"],"share_on_mastodon":{"url":"","error":""},"jetpack_publicize_connections":[],"jetpack_featured_media_url":"","jetpack_sharing_enabled":true,"jetpack_shortlink":"https:\/\/wp.me\/paO0l8-1pG","jetpack_likes_enabled":true,"amp_enabled":true,"_links":{"self":[{"href":"https:\/\/wp.jochen.hayek.name\/blog-de\/wp-json\/wp\/v2\/posts\/5436","targetHints":{"allow":["GET"]}}],"collection":[{"href":"https:\/\/wp.jochen.hayek.name\/blog-de\/wp-json\/wp\/v2\/posts"}],"about":[{"href":"https:\/\/wp.jochen.hayek.name\/blog-de\/wp-json\/wp\/v2\/types\/post"}],"author":[{"embeddable":true,"href":"https:\/\/wp.jochen.hayek.name\/blog-de\/wp-json\/wp\/v2\/users\/1"}],"replies":[{"embeddable":true,"href":"https:\/\/wp.jochen.hayek.name\/blog-de\/wp-json\/wp\/v2\/comments?post=5436"}],"version-history":[{"count":0,"href":"https:\/\/wp.jochen.hayek.name\/blog-de\/wp-json\/wp\/v2\/posts\/5436\/revisions"}],"wp:attachment":[{"href":"https:\/\/wp.jochen.hayek.name\/blog-de\/wp-json\/wp\/v2\/media?parent=5436"}],"wp:term":[{"taxonomy":"category","embeddable":true,"href":"https:\/\/wp.jochen.hayek.name\/blog-de\/wp-json\/wp\/v2\/categories?post=5436"},{"taxonomy":"post_tag","embeddable":true,"href":"https:\/\/wp.jochen.hayek.name\/blog-de\/wp-json\/wp\/v2\/tags?post=5436"}],"curies":[{"name":"wp","href":"https:\/\/api.w.org\/{rel}","templated":true}]}}