{"id":5455,"date":"2015-12-05T16:07:26","date_gmt":"2015-12-05T15:07:26","guid":{"rendered":"http:\/\/www.b.shuttle.de\/hayek\/hayek\/jochen\/wp\/blog-de\/?p=5455"},"modified":"2015-12-05T16:07:26","modified_gmt":"2015-12-05T15:07:26","slug":"adventskonzert-2015-mit-schulern-der-geigenklasse-von-ma-lou-bangerter-in-der-dorfkirche-buckow","status":"publish","type":"post","link":"https:\/\/wp.jochen.hayek.name\/blog-de\/2015\/12\/05\/adventskonzert-2015-mit-schulern-der-geigenklasse-von-ma-lou-bangerter-in-der-dorfkirche-buckow\/","title":{"rendered":"Adventskonzert 2015 mit Sch\u00fclern der Geigenklasse von Ma-Lou Bangerter in der Dorfkirche Buckow"},"content":{"rendered":"<ul>\n<li><a href=\"https:\/\/www.google.de\/maps\/place\/Dorfkirche+Buckow\/@52.4223111,13.4287908,17z\">https:\/\/www.google.de\/maps\/place\/Dorfkirche+Buckow\/@52.4223111,13.4287908,17z<\/a><\/li>\n<\/ul>\n<p>Das Konzert selbst findet am Sonntag (2015-12-06) von 15:00 bis 16:30 statt.<\/p>\n<p>Zur Generalprobe am Samstag Nachmittag sind mein Sohn Gabriel und ich mit der BVG angereist \u2013 toll, wo die BVG einen \u00fcberall hinbringt.<\/p>\n<p>Man k\u00f6nnte denken, so eine \u00dcbung ist nur von der Musik her interessant. Weit gefehlt!<\/p>\n<p>Wieviele Pl\u00e4tze k\u00f6nnen 10 Kinder brauchen? Mein Sohn brauchte erstmal 3 Pl\u00e4tze. Muss der Geigenkoffer auf einem Stuhl liegen? Passt er auch auf den Boden vor ihm oder eventuell auch auf die Stufen? Na gut\u2026 Ein paar Minuten sp\u00e4ter brachte\u00a0Ma-Lou ihre Sch\u00fcler zur Aufstellung und &#8220;auf den Stufen&#8221; ging er\u00a0doch im Weg um. Und was war meinem Sohn dann am wichtigsten? Zu mir gelaufen zu kommen, um dar\u00fcber R\u00fcckmeldung zu geben, dass Ma-Lou entschieden habe, dass der Geigenkoffer &#8220;auf den Stufen&#8221; st\u00f6rt. Was ich dazu sagen wolle \u2013 dass Ma-Lou das letzte Wort habe. Er genie\u00dft es, wenn er eine fr\u00fchere, selbst-erfahrende Korrektur als unsinnig kritisieren kann \u2013 umso mehr, je mehr die Korrektur ihn ge\u00e4rgert hatte.<\/p>\n<p>Wieviele Gelegenheiten hat ein Musiksch\u00fcler heutzutage, seinen Notenst\u00e4nder auf- und wieder abzubauen? Nicht viele, denn im Unterricht und zu Hause gibt es immer schon einen aufgebauten Notenst\u00e4nder. Der Aufbau ist ein durchaus anspruchsvoller motorischer Vorgang \u2013 ja, wirklich! (Der Abbau nat\u00fcrlich auch.) Ein paar Kinder haben ein Elternteil dazu da, das statt ihrer zu erledigen \u2013 dabei lernen sie es nicht, aber es geht schneller \u2013 und f\u00fcr das Elternteil ist das auch weniger nervenaufreibend. Mein Sohn hat mich dabei \u2013 ich erledige das nicht f\u00fcr ihn \u2013 vielmehr &#8220;leite&#8221; ich ihn dazu &#8220;an&#8221;, es selbst in den Griff zu bekommen. Das ist f\u00fcr mich anstrengend, das ist f\u00fcr ihn anstrengend \u2013 selbstverst\u00e4ndlich; Lernen ist anstrengend, Erziehen ist auch anstrengend. Wenn man es nicht lernt, hat man aber auch ein Problem, und zwar f\u00fcr lange Zeit. Man hat nicht immer jemanden dabei, um sich dieses oder jenes erledigen zu lassen.<\/p>\n<p>10 Kinder \u00fcber 90 Minuten ordentlich in der Aufstellung zu bewahren, das ist wahrlich eine Aufgabe. Dass die Geigen und die Geigenbogen und die zugeh\u00f6rigen Sch\u00fcler nicht st\u00e4ndig in Bewegung sind, dass ist bei 6- bis 10-J\u00e4hrigen gar nicht einfach. Wenn z.B. mein Sohn nicht st\u00e4ndig Aufmerksamkeit hat oder zu tun hat, dann schert er auch st\u00e4ndig aus der Reihe: er setzt sich (als Einziger) auf den Boden, er kratzt sich mit dem Geigenbogen den Nacken, er g\u00e4hnt laut, \u2026 \u2013 &#8220;wenn er nichts zu tun habt, dann ist das das Schwierigste&#8221;.<\/p>\n<p>Mein Sohn hat einen Schnupfen \u2013 hat er auch Taschent\u00fccher dabei? Nein. Er rotzt also mitten in der Aufstellung \u2013 grauslig. Aber er hat ausnahmsweise ein Elternteil (mit Taschent\u00fcchern) dabei. Anscheinend haben sich die meisten Eltern zusammengetan, um sich das Reisen zu ersparen. Das Publikum stellen nur 2 Elternteile dar (ich incl.).<\/p>\n<p>Es muss einmal gesagt werden: Ma-Lou Bangerter geh\u00f6rt auch und insbesondere f\u00fcr ihren erzieherischen Beitrag ein gro\u00dfer Dank ausgesprochen. Man denkt vielleicht\u00a0nicht direkt, dass Musiklehrer f\u00fcr Erziehung zust\u00e4ndig sind und mit Erziehung die wertvolle Zeit des Musikunterrichtes verbraten m\u00fcssen. Aber Kinder in diesem Alter zeigen allerhand zu korrigierendes Verhalten. Und Ma-Lou dr\u00fcckt zwar durchaus einige Augen zu, aber ich sch\u00e4tze es sehr, wie sie &#8220;das eine oder andere ernste Wort&#8221; an die Kinder wendet.<\/p>\n<p><span style=\"line-height: 1.6\">Auf der anderen Stra\u00dfenseite befindet sich \u00fcbrigens die &#8220;Kita zum Dorfteich&#8221; \u2013 ja, den Dorfteich gibt es wirklich in der N\u00e4he, aber der Dorffriedhof und die Dorfkirche liegen eigentlich viel n\u00e4her, vielleicht sollte es &#8220;Kita zum Dorffriedhof&#8221; hei\u00dfen (ROTFL).<\/span>\t\t\t\t<\/p>\n","protected":false},"excerpt":{"rendered":"<p>https:\/\/www.google.de\/maps\/place\/Dorfkirche+Buckow\/@52.4223111,13.4287908,17z Das Konzert selbst findet am Sonntag (2015-12-06) von 15:00 bis 16:30 statt. Zur Generalprobe am Samstag Nachmittag sind mein Sohn Gabriel und ich mit der BVG angereist \u2013 toll, wo die BVG einen \u00fcberall hinbringt. Man k\u00f6nnte denken, so eine \u00dcbung ist nur von der Musik her interessant. Weit gefehlt! Wieviele Pl\u00e4tze k\u00f6nnen 10 [&hellip;]<\/p>\n","protected":false},"author":1,"featured_media":0,"comment_status":"open","ping_status":"closed","sticky":false,"template":"","format":"standard","meta":{"_crdt_document":"","advanced_seo_description":"","jetpack_seo_html_title":"","jetpack_seo_noindex":false,"jetpack_post_was_ever_published":false,"_jetpack_newsletter_access":"","_jetpack_dont_email_post_to_subs":false,"_jetpack_newsletter_tier_id":0,"_jetpack_memberships_contains_paywalled_content":false,"_jetpack_memberships_contains_paid_content":false,"footnotes":"","jetpack_publicize_message":"","jetpack_publicize_feature_enabled":true,"jetpack_social_post_already_shared":true,"jetpack_social_options":{"image_generator_settings":{"template":"highway","default_image_id":0,"font":"","enabled":false},"version":2},"_share_on_mastodon":"0"},"categories":[103,487],"tags":[811],"class_list":["post-5455","post","type-post","status-publish","format-standard","hentry","category-die-musik","category-sohn2","tag-advent"],"share_on_mastodon":{"url":"","error":""},"jetpack_publicize_connections":[],"jetpack_featured_media_url":"","jetpack_sharing_enabled":true,"jetpack_shortlink":"https:\/\/wp.me\/paO0l8-1pZ","jetpack_likes_enabled":true,"amp_enabled":true,"_links":{"self":[{"href":"https:\/\/wp.jochen.hayek.name\/blog-de\/wp-json\/wp\/v2\/posts\/5455","targetHints":{"allow":["GET"]}}],"collection":[{"href":"https:\/\/wp.jochen.hayek.name\/blog-de\/wp-json\/wp\/v2\/posts"}],"about":[{"href":"https:\/\/wp.jochen.hayek.name\/blog-de\/wp-json\/wp\/v2\/types\/post"}],"author":[{"embeddable":true,"href":"https:\/\/wp.jochen.hayek.name\/blog-de\/wp-json\/wp\/v2\/users\/1"}],"replies":[{"embeddable":true,"href":"https:\/\/wp.jochen.hayek.name\/blog-de\/wp-json\/wp\/v2\/comments?post=5455"}],"version-history":[{"count":0,"href":"https:\/\/wp.jochen.hayek.name\/blog-de\/wp-json\/wp\/v2\/posts\/5455\/revisions"}],"wp:attachment":[{"href":"https:\/\/wp.jochen.hayek.name\/blog-de\/wp-json\/wp\/v2\/media?parent=5455"}],"wp:term":[{"taxonomy":"category","embeddable":true,"href":"https:\/\/wp.jochen.hayek.name\/blog-de\/wp-json\/wp\/v2\/categories?post=5455"},{"taxonomy":"post_tag","embeddable":true,"href":"https:\/\/wp.jochen.hayek.name\/blog-de\/wp-json\/wp\/v2\/tags?post=5455"}],"curies":[{"name":"wp","href":"https:\/\/api.w.org\/{rel}","templated":true}]}}