{"id":5860,"date":"2016-05-01T12:06:42","date_gmt":"2016-05-01T10:06:42","guid":{"rendered":"http:\/\/www.b.shuttle.de\/hayek\/hayek\/jochen\/wp\/blog-de\/?p=5860"},"modified":"2016-05-01T12:06:42","modified_gmt":"2016-05-01T10:06:42","slug":"kalender-blatt-vom-1-mai-2016","status":"publish","type":"post","link":"https:\/\/wp.jochen.hayek.name\/blog-de\/2016\/05\/01\/kalender-blatt-vom-1-mai-2016\/","title":{"rendered":"Kalender-Blatt vom 1. Mai 2016"},"content":{"rendered":"<blockquote><p>Wenn ich Wahl-O-Mat mache, geht das so aus:<\/p>\n<ol>\n<li>Die Linke.<\/li>\n<li>Piraten.<\/li>\n<li>Gr\u00fcne.<\/li>\n<\/ol>\n<p>Ich w\u00e4hle dann meist SPD. Zu viel Revolution ist mir unheimlich. Meine Rentenl\u00fccke ist schon gro\u00df genug. Bei der 1.-Mai-Randale in Kreuzberg sitze ich meist sympathisierend im Stra\u00dfencaf\u00e9!<\/p><\/blockquote>\n<p>Stephan Maus im &#8220;Stern&#8221;<\/p>\n<ul>\n<li><a href=\"https:\/\/de.wikipedia.org\/wiki\/Stephan_Maus\">https:\/\/de.wikipedia.org\/wiki\/Stephan_Maus<\/a><\/li>\n<\/ul>\n","protected":false},"excerpt":{"rendered":"<p>Wenn ich Wahl-O-Mat mache, geht das so aus: Die Linke. Piraten. Gr\u00fcne. Ich w\u00e4hle dann meist SPD. Zu viel Revolution ist mir unheimlich. Meine Rentenl\u00fccke ist schon gro\u00df genug. Bei der 1.-Mai-Randale in Kreuzberg sitze ich meist sympathisierend im Stra\u00dfencaf\u00e9! Stephan Maus im &#8220;Stern&#8221; https:\/\/de.wikipedia.org\/wiki\/Stephan_Maus<\/p>\n","protected":false},"author":1,"featured_media":0,"comment_status":"open","ping_status":"closed","sticky":false,"template":"","format":"standard","meta":{"_crdt_document":"","advanced_seo_description":"","jetpack_seo_html_title":"","jetpack_seo_noindex":false,"jetpack_post_was_ever_published":false,"_jetpack_newsletter_access":"","_jetpack_dont_email_post_to_subs":false,"_jetpack_newsletter_tier_id":0,"_jetpack_memberships_contains_paywalled_content":false,"_jetpack_memberships_contains_paid_content":false,"footnotes":"","jetpack_publicize_message":"","jetpack_publicize_feature_enabled":true,"jetpack_social_post_already_shared":true,"jetpack_social_options":{"image_generator_settings":{"template":"highway","default_image_id":0,"font":"","enabled":false},"version":2},"_share_on_mastodon":"0"},"categories":[418],"tags":[],"class_list":["post-5860","post","type-post","status-publish","format-standard","hentry","category-raben-kalender"],"share_on_mastodon":{"url":"","error":""},"jetpack_publicize_connections":[],"jetpack_featured_media_url":"","jetpack_sharing_enabled":true,"jetpack_shortlink":"https:\/\/wp.me\/paO0l8-1ww","jetpack_likes_enabled":true,"amp_enabled":true,"_links":{"self":[{"href":"https:\/\/wp.jochen.hayek.name\/blog-de\/wp-json\/wp\/v2\/posts\/5860","targetHints":{"allow":["GET"]}}],"collection":[{"href":"https:\/\/wp.jochen.hayek.name\/blog-de\/wp-json\/wp\/v2\/posts"}],"about":[{"href":"https:\/\/wp.jochen.hayek.name\/blog-de\/wp-json\/wp\/v2\/types\/post"}],"author":[{"embeddable":true,"href":"https:\/\/wp.jochen.hayek.name\/blog-de\/wp-json\/wp\/v2\/users\/1"}],"replies":[{"embeddable":true,"href":"https:\/\/wp.jochen.hayek.name\/blog-de\/wp-json\/wp\/v2\/comments?post=5860"}],"version-history":[{"count":0,"href":"https:\/\/wp.jochen.hayek.name\/blog-de\/wp-json\/wp\/v2\/posts\/5860\/revisions"}],"wp:attachment":[{"href":"https:\/\/wp.jochen.hayek.name\/blog-de\/wp-json\/wp\/v2\/media?parent=5860"}],"wp:term":[{"taxonomy":"category","embeddable":true,"href":"https:\/\/wp.jochen.hayek.name\/blog-de\/wp-json\/wp\/v2\/categories?post=5860"},{"taxonomy":"post_tag","embeddable":true,"href":"https:\/\/wp.jochen.hayek.name\/blog-de\/wp-json\/wp\/v2\/tags?post=5860"}],"curies":[{"name":"wp","href":"https:\/\/api.w.org\/{rel}","templated":true}]}}