{"id":5917,"date":"2016-06-17T20:46:48","date_gmt":"2016-06-17T18:46:48","guid":{"rendered":"http:\/\/www.b.shuttle.de\/hayek\/hayek\/jochen\/wp\/blog-de\/?p=5917"},"modified":"2016-06-17T20:46:48","modified_gmt":"2016-06-17T18:46:48","slug":"porto-alegre-von-dom-la-nena-zu-leonel-brizola","status":"publish","type":"post","link":"https:\/\/wp.jochen.hayek.name\/blog-de\/2016\/06\/17\/porto-alegre-von-dom-la-nena-zu-leonel-brizola\/","title":{"rendered":"Porto Alegre: von &#8220;Dom La Nena&#8221; zu Leonel Brizola"},"content":{"rendered":"<ul>\n<li><a href=\"https:\/\/en.wikipedia.org\/wiki\/Dom_La_Nena\">https:\/\/en.wikipedia.org\/wiki\/Dom_La_Nena<\/a><\/li>\n<li><a href=\"https:\/\/en.wikipedia.org\/wiki\/Leonel_Brizola\">https:\/\/en.wikipedia.org\/wiki\/Leonel_Brizola<\/a><\/li>\n<li><a href=\"https:\/\/en.wikipedia.org\/wiki\/Category:People_from_Porto_Alegre\">https:\/\/en.wikipedia.org\/wiki\/Category:People_from_Porto_Alegre<\/a><\/li>\n<li><a href=\"https:\/\/en.wikipedia.org\/wiki\/Category:Mayors_of_Porto_Alegre\">https:\/\/en.wikipedia.org\/wiki\/Category:Mayors_of_Porto_Alegre<\/a><\/li>\n<\/ul>\n<p>In den vergangenen Tagen hatte ich mal radiom\u00e4\u00dfig von DLF auf &#8220;Deutschlandradio Kultur&#8221; gewechselt. Und stie\u00df dabei gleich auf eine mir bislang unbekannte brasilianische Musikerin:\u00a0Dominique Pinto AKA &#8220;Dom La Nena&#8221;. Danach k\u00fcmmerte ich mich um ihre Diskographie, glich das mit den bei Amazon als MP3 verf\u00fcgbaren Alben ab und kaufte das f\u00fcr ca. 32 Euro um Mitternacht (nach dem aufregenden aber torlosen Deutschland-Polska-Fu\u00dfballspiel). Heute w\u00e4hrend meiner verl\u00e4ngerten ICE-Fahrt von Hamburg nach Berlin nahm ich in iTunes die allf\u00e4lligen Justierungen an den MP3-Tags vor und h\u00f6rte alle 5 Alben in Serie. Dom La Nenas Geburtsort ist Porto Alegre, Wikipedia hat eine passende Kategorie f\u00fcr Leute aus Porto Alegre, aber da wird (noch) kein Brizola gelistet, nicht einmal Leonel Brizola \u2013 aber er stammte ja auch nicht aus PT \u2013 jedoch war er 1956-1958 dort B\u00fcrgermeister.<\/p>\n<p>Jedenfalls schenkte\u00a0mir die \u00fcberlange Zugfahrt die Zeit, mal den Artikel \u00fcber Leonel Brizola zu lesen \u2013 h\u00f6chst interessant! Seit Dezember 2015 steht also sein Name im &#8220;Livro dos Her\u00f3is da P\u00e1tria&#8221;, eingraviert im &#8220;Pante\u00e3o da P\u00e1tria e da Liberdade Tancredo Neves&#8221; in der Hauptstadt Bras\u00edlia \u2013 das ist doch was! Mit Dilma Roussef verbindet LB, dass sie zusammen im Jahr 1980 die PDT (nicht PT!) begr\u00fcndeten.\t\t\t\t<\/p>\n","protected":false},"excerpt":{"rendered":"<p>https:\/\/en.wikipedia.org\/wiki\/Dom_La_Nena https:\/\/en.wikipedia.org\/wiki\/Leonel_Brizola https:\/\/en.wikipedia.org\/wiki\/Category:People_from_Porto_Alegre https:\/\/en.wikipedia.org\/wiki\/Category:Mayors_of_Porto_Alegre In den vergangenen Tagen hatte ich mal radiom\u00e4\u00dfig von DLF auf &#8220;Deutschlandradio Kultur&#8221; gewechselt. Und stie\u00df dabei gleich auf eine mir bislang unbekannte brasilianische Musikerin:\u00a0Dominique Pinto AKA &#8220;Dom La Nena&#8221;. Danach k\u00fcmmerte ich mich um ihre Diskographie, glich das mit den bei Amazon als MP3 verf\u00fcgbaren Alben ab und kaufte das [&hellip;]<\/p>\n","protected":false},"author":1,"featured_media":0,"comment_status":"open","ping_status":"closed","sticky":false,"template":"","format":"standard","meta":{"_crdt_document":"","advanced_seo_description":"","jetpack_seo_html_title":"","jetpack_seo_noindex":false,"jetpack_post_was_ever_published":false,"_jetpack_newsletter_access":"","_jetpack_dont_email_post_to_subs":false,"_jetpack_newsletter_tier_id":0,"_jetpack_memberships_contains_paywalled_content":false,"_jetpack_memberships_contains_paid_content":false,"footnotes":"","jetpack_publicize_message":"","jetpack_publicize_feature_enabled":true,"jetpack_social_post_already_shared":true,"jetpack_social_options":{"image_generator_settings":{"template":"highway","default_image_id":0,"font":"","enabled":false},"version":2},"_share_on_mastodon":"0"},"categories":[632,103,342],"tags":[],"class_list":["post-5917","post","type-post","status-publish","format-standard","hentry","category-brasilien","category-die-musik","category-musiker"],"share_on_mastodon":{"url":"","error":""},"jetpack_publicize_connections":[],"jetpack_featured_media_url":"","jetpack_sharing_enabled":true,"jetpack_shortlink":"https:\/\/wp.me\/paO0l8-1xr","jetpack_likes_enabled":true,"amp_enabled":true,"_links":{"self":[{"href":"https:\/\/wp.jochen.hayek.name\/blog-de\/wp-json\/wp\/v2\/posts\/5917","targetHints":{"allow":["GET"]}}],"collection":[{"href":"https:\/\/wp.jochen.hayek.name\/blog-de\/wp-json\/wp\/v2\/posts"}],"about":[{"href":"https:\/\/wp.jochen.hayek.name\/blog-de\/wp-json\/wp\/v2\/types\/post"}],"author":[{"embeddable":true,"href":"https:\/\/wp.jochen.hayek.name\/blog-de\/wp-json\/wp\/v2\/users\/1"}],"replies":[{"embeddable":true,"href":"https:\/\/wp.jochen.hayek.name\/blog-de\/wp-json\/wp\/v2\/comments?post=5917"}],"version-history":[{"count":0,"href":"https:\/\/wp.jochen.hayek.name\/blog-de\/wp-json\/wp\/v2\/posts\/5917\/revisions"}],"wp:attachment":[{"href":"https:\/\/wp.jochen.hayek.name\/blog-de\/wp-json\/wp\/v2\/media?parent=5917"}],"wp:term":[{"taxonomy":"category","embeddable":true,"href":"https:\/\/wp.jochen.hayek.name\/blog-de\/wp-json\/wp\/v2\/categories?post=5917"},{"taxonomy":"post_tag","embeddable":true,"href":"https:\/\/wp.jochen.hayek.name\/blog-de\/wp-json\/wp\/v2\/tags?post=5917"}],"curies":[{"name":"wp","href":"https:\/\/api.w.org\/{rel}","templated":true}]}}