{"id":6008,"date":"2016-07-29T13:30:38","date_gmt":"2016-07-29T11:30:38","guid":{"rendered":"http:\/\/www.b.shuttle.de\/hayek\/hayek\/jochen\/wp\/blog-de\/?p=6008"},"modified":"2016-07-29T13:30:38","modified_gmt":"2016-07-29T11:30:38","slug":"deutschland-und-der-begriff-tatervolk","status":"publish","type":"post","link":"https:\/\/wp.jochen.hayek.name\/blog-de\/2016\/07\/29\/deutschland-und-der-begriff-tatervolk\/","title":{"rendered":"Deutschland und der Begriff &#8220;T\u00e4tervolk&#8221;"},"content":{"rendered":"<ul>\n<li><a href=\"https:\/\/de.wikipedia.org\/wiki\/T%C3%A4tervolk\">https:\/\/de.wikipedia.org\/wiki\/T\u00e4tervolk<\/a><\/li>\n<li><a href=\"http:\/\/www.usahm.de\/Artikel\/Taetervolk\/Taeter.htm\">http:\/\/www.usahm.de\/Artikel\/Taetervolk\/Taeter.htm<\/a>\u00a0\u2013\u00a0Ulrich W. Sahm zur Geschichte des Begriffs &#8220;T\u00e4tervolk&#8221;<\/li>\n<li><a href=\"https:\/\/de.wikipedia.org\/wiki\/Unwort_des_Jahres_(Deutschland)\">https:\/\/de.wikipedia.org\/wiki\/Unwort_des_Jahres_(Deutschland)<\/a>\u00a0\u2013 im Jahr 2003 w\u00e4hlte die\u00a0GfdS den Begriff zum Unwort des Jahres: &#8220;grunds\u00e4tzlich inakzeptabler Kollektivschuldvorwurf; als m\u00f6glicher Vorwurf gegen Juden von Martin Hohmann gebraucht&#8221;<\/li>\n<li><a href=\"https:\/\/de.wikipedia.org\/wiki\/Martin_Hohmann\">https:\/\/de.wikipedia.org\/wiki\/Martin_Hohmann<\/a><\/li>\n<\/ul>\n<p>Unter Historikern ist es gem. dem ganz oben angef\u00fchrten Artikel inzwischen eher un\u00fcblich, diesen Begriff argumentativ zu benutzen.<\/p>\n<p>Ich finde den Begriff\u00a0eigentlich ganz griffig und kompakt \u2013 und manchmal wende ich ihn gern an.<\/p>\n<p>Immer wenn ich h\u00f6re oder lese, was die Nationalsozialisten hier und dort angerichtet haben, kommt mir in Erinnerung, dass die NSDAP einst in Deutschland in demokratisch korrekten Wahlen die parlamentarische Mehrheit fand \u2013 und dass diese Partei \u00fcberw\u00e4ltigende Unterst\u00fctzung in der deutschen Gesellschaft fand. Dann \u2026 kommt mir der Begriff <em>T\u00e4tervolk<\/em> in Erinnerung, und dann schreibe ich gelegentlich solche S\u00e4tze nieder.\t\t\t\t<\/p>\n","protected":false},"excerpt":{"rendered":"<p>https:\/\/de.wikipedia.org\/wiki\/T\u00e4tervolk http:\/\/www.usahm.de\/Artikel\/Taetervolk\/Taeter.htm\u00a0\u2013\u00a0Ulrich W. Sahm zur Geschichte des Begriffs &#8220;T\u00e4tervolk&#8221; https:\/\/de.wikipedia.org\/wiki\/Unwort_des_Jahres_(Deutschland)\u00a0\u2013 im Jahr 2003 w\u00e4hlte die\u00a0GfdS den Begriff zum Unwort des Jahres: &#8220;grunds\u00e4tzlich inakzeptabler Kollektivschuldvorwurf; als m\u00f6glicher Vorwurf gegen Juden von Martin Hohmann gebraucht&#8221; https:\/\/de.wikipedia.org\/wiki\/Martin_Hohmann Unter Historikern ist es gem. dem ganz oben angef\u00fchrten Artikel inzwischen eher un\u00fcblich, diesen Begriff argumentativ zu benutzen. Ich finde den [&hellip;]<\/p>\n","protected":false},"author":1,"featured_media":0,"comment_status":"open","ping_status":"closed","sticky":false,"template":"","format":"standard","meta":{"_crdt_document":"","advanced_seo_description":"","jetpack_seo_html_title":"","jetpack_seo_noindex":false,"jetpack_post_was_ever_published":false,"_jetpack_newsletter_access":"","_jetpack_dont_email_post_to_subs":false,"_jetpack_newsletter_tier_id":0,"_jetpack_memberships_contains_paywalled_content":false,"_jetpack_memberships_contains_paid_content":false,"footnotes":"","jetpack_publicize_message":"","jetpack_publicize_feature_enabled":true,"jetpack_social_post_already_shared":true,"jetpack_social_options":{"image_generator_settings":{"template":"highway","default_image_id":0,"font":"","enabled":false},"version":2},"_share_on_mastodon":"0"},"categories":[352],"tags":[],"class_list":["post-6008","post","type-post","status-publish","format-standard","hentry","category-nicht-zugeordnet"],"share_on_mastodon":{"url":"","error":""},"jetpack_publicize_connections":[],"jetpack_featured_media_url":"","jetpack_sharing_enabled":true,"jetpack_shortlink":"https:\/\/wp.me\/paO0l8-1yU","jetpack_likes_enabled":true,"amp_enabled":true,"_links":{"self":[{"href":"https:\/\/wp.jochen.hayek.name\/blog-de\/wp-json\/wp\/v2\/posts\/6008","targetHints":{"allow":["GET"]}}],"collection":[{"href":"https:\/\/wp.jochen.hayek.name\/blog-de\/wp-json\/wp\/v2\/posts"}],"about":[{"href":"https:\/\/wp.jochen.hayek.name\/blog-de\/wp-json\/wp\/v2\/types\/post"}],"author":[{"embeddable":true,"href":"https:\/\/wp.jochen.hayek.name\/blog-de\/wp-json\/wp\/v2\/users\/1"}],"replies":[{"embeddable":true,"href":"https:\/\/wp.jochen.hayek.name\/blog-de\/wp-json\/wp\/v2\/comments?post=6008"}],"version-history":[{"count":0,"href":"https:\/\/wp.jochen.hayek.name\/blog-de\/wp-json\/wp\/v2\/posts\/6008\/revisions"}],"wp:attachment":[{"href":"https:\/\/wp.jochen.hayek.name\/blog-de\/wp-json\/wp\/v2\/media?parent=6008"}],"wp:term":[{"taxonomy":"category","embeddable":true,"href":"https:\/\/wp.jochen.hayek.name\/blog-de\/wp-json\/wp\/v2\/categories?post=6008"},{"taxonomy":"post_tag","embeddable":true,"href":"https:\/\/wp.jochen.hayek.name\/blog-de\/wp-json\/wp\/v2\/tags?post=6008"}],"curies":[{"name":"wp","href":"https:\/\/api.w.org\/{rel}","templated":true}]}}