{"id":6212,"date":"2016-08-30T23:56:33","date_gmt":"2016-08-30T21:56:33","guid":{"rendered":"http:\/\/www.b.shuttle.de\/hayek\/hayek\/jochen\/wp\/blog-de\/?p=6212"},"modified":"2016-08-30T23:56:33","modified_gmt":"2016-08-30T21:56:33","slug":"30-august-2016-von-apple-werden-steuervergunstigungen-in-irland-in-hohe-von-13-milliarden-euro-plus-zinsen-zuruckgefordert-werden-und-apple-ist-nur-der-anfang-google-facebook-micro","status":"publish","type":"post","link":"https:\/\/wp.jochen.hayek.name\/blog-de\/2016\/08\/30\/30-august-2016-von-apple-werden-steuervergunstigungen-in-irland-in-hohe-von-13-milliarden-euro-plus-zinsen-zuruckgefordert-werden-und-apple-ist-nur-der-anfang-google-facebook-micro\/","title":{"rendered":"30. August 2016: von Apple werden\u00a0Steuerverg\u00fcnstigungen in Irland in H\u00f6he von 13 Milliarden Euro plus Zinsen zur\u00fcckgefordert werden \u2013 und Apple ist nur der Anfang; Google, Facebook, Microsoft etc werden folgen"},"content":{"rendered":"<ul>\n<li><a href=\"https:\/\/de.wikipedia.org\/wiki\/August_2016#Dienstag.2C_30._August\">https:\/\/de.wikipedia.org\/wiki\/August_2016#Dienstag.2C_30._August<\/a>\u00a0\u2013 2016-08-30 :<\/li>\n<\/ul>\n<blockquote><p>Br\u00fcssel\/Belgien: Die d\u00e4nische EU-Wettbewerbskommissarin Margrethe Vestager hat die irische Regierung aufgefordert, die in den Jahren 2003 bis 2014 dem US-amerikanischen Elektronikkonzern Apple gew\u00e4hrten Steuerverg\u00fcnstigungen in H\u00f6he von 13 Milliarden Euro plus Zinsen zur\u00fcckzufordern. Die Nachl\u00e4sse waren nach den EU-Beihilfevorschriften unzul\u00e4ssig, weil Apple dadurch wesentlich weniger K\u00f6rperschaftsteuern zahlen musste als andere Unternehmen.<\/p><\/blockquote>\n<ul>\n<li><a href=\"http:\/\/europa.eu\/rapid\/press-release_IP-16-2923_de.htm\">http:\/\/europa.eu\/rapid\/press-release_IP-16-2923_de.htm<\/a><\/li>\n<\/ul>\n","protected":false},"excerpt":{"rendered":"<p>https:\/\/de.wikipedia.org\/wiki\/August_2016#Dienstag.2C_30._August\u00a0\u2013 2016-08-30 : Br\u00fcssel\/Belgien: Die d\u00e4nische EU-Wettbewerbskommissarin Margrethe Vestager hat die irische Regierung aufgefordert, die in den Jahren 2003 bis 2014 dem US-amerikanischen Elektronikkonzern Apple gew\u00e4hrten Steuerverg\u00fcnstigungen in H\u00f6he von 13 Milliarden Euro plus Zinsen zur\u00fcckzufordern. Die Nachl\u00e4sse waren nach den EU-Beihilfevorschriften unzul\u00e4ssig, weil Apple dadurch wesentlich weniger K\u00f6rperschaftsteuern zahlen musste als andere Unternehmen. http:\/\/europa.eu\/rapid\/press-release_IP-16-2923_de.htm<\/p>\n","protected":false},"author":1,"featured_media":0,"comment_status":"open","ping_status":"closed","sticky":false,"template":"","format":"standard","meta":{"advanced_seo_description":"","jetpack_seo_html_title":"","jetpack_seo_noindex":false,"jetpack_seo_schema_type":"","_jetpack_newsletter_access":"","_jetpack_dont_email_post_to_subs":false,"_jetpack_newsletter_tier_id":0,"_jetpack_memberships_contains_paywalled_content":false,"_jetpack_feature_clip_id":0,"_jetpack_memberships_contains_paid_content":false,"footnotes":"","jetpack_publicize_message":"","jetpack_publicize_feature_enabled":true,"jetpack_social_post_already_shared":false,"jetpack_social_options":{"image_generator_settings":{"template":"highway","default_image_id":0,"font":"","enabled":false},"version":2},"jetpack_post_was_ever_published":false,"_share_on_mastodon":"0"},"categories":[352],"tags":[],"class_list":["post-6212","post","type-post","status-publish","format-standard","hentry","category-nicht-zugeordnet"],"share_on_mastodon":{"url":"","error":""},"jetpack_publicize_connections":[],"jetpack_sharing_enabled":true,"jetpack_shortlink":"https:\/\/wp.me\/paO0l8-1Cc","jetpack_likes_enabled":true,"amp_enabled":true,"jetpack_featured_media_url":"","_links":{"self":[{"href":"https:\/\/wp.jochen.hayek.name\/blog-de\/wp-json\/wp\/v2\/posts\/6212","targetHints":{"allow":["GET"]}}],"collection":[{"href":"https:\/\/wp.jochen.hayek.name\/blog-de\/wp-json\/wp\/v2\/posts"}],"about":[{"href":"https:\/\/wp.jochen.hayek.name\/blog-de\/wp-json\/wp\/v2\/types\/post"}],"author":[{"embeddable":true,"href":"https:\/\/wp.jochen.hayek.name\/blog-de\/wp-json\/wp\/v2\/users\/1"}],"replies":[{"embeddable":true,"href":"https:\/\/wp.jochen.hayek.name\/blog-de\/wp-json\/wp\/v2\/comments?post=6212"}],"version-history":[{"count":0,"href":"https:\/\/wp.jochen.hayek.name\/blog-de\/wp-json\/wp\/v2\/posts\/6212\/revisions"}],"wp:attachment":[{"href":"https:\/\/wp.jochen.hayek.name\/blog-de\/wp-json\/wp\/v2\/media?parent=6212"}],"wp:term":[{"taxonomy":"category","embeddable":true,"href":"https:\/\/wp.jochen.hayek.name\/blog-de\/wp-json\/wp\/v2\/categories?post=6212"},{"taxonomy":"post_tag","embeddable":true,"href":"https:\/\/wp.jochen.hayek.name\/blog-de\/wp-json\/wp\/v2\/tags?post=6212"}],"curies":[{"name":"wp","href":"https:\/\/api.w.org\/{rel}","templated":true}]}}