{"id":6282,"date":"2016-09-06T22:35:25","date_gmt":"2016-09-06T20:35:25","guid":{"rendered":"http:\/\/www.b.shuttle.de\/hayek\/hayek\/jochen\/wp\/blog-de\/?p=6282"},"modified":"2016-09-06T22:35:25","modified_gmt":"2016-09-06T20:35:25","slug":"rentenangleichung","status":"publish","type":"post","link":"https:\/\/wp.jochen.hayek.name\/blog-de\/2016\/09\/06\/rentenangleichung\/","title":{"rendered":"die Rente geh\u00f6rt zum Sozialversicherungssystem, die Rentenangleichung (der Ost-Renten) muss auch genau dar\u00fcber finanziert werden \u2013 wie denn sonst? jedenfalls nicht aus Steuereinnahmen!!!"},"content":{"rendered":"<ul>\n<li><a href=\"https:\/\/de.wikipedia.org\/wiki\/Rentenangleichung\">https:\/\/de.wikipedia.org\/wiki\/Rentenangleichung<\/a>\u00a0\u2013 &#8220;Anpassung der Ost-Renten&#8221;<\/li>\n<\/ul>\n<p>Sicher, es gibt in der Tat schon den ganz, ganz schlimmen Miss-Stand, das die eine oder andere Rente aus Steuermitteln finanziert wird \u2013 das darf doch aber kein Massenph\u00e4nomen werden.<\/p>\n<p>Ich pers\u00f6nlich werde nie bedeutende Betr\u00e4ge in Form von Rente &#8220;entnehmen&#8221; d\u00fcrfen \u2013 aber ich sollte unter Umst\u00e4nden als Steuerzahler die\u00a0Rentenangleichung mitfinanzieren? Unter keinen Umst\u00e4nden!<\/p>\n<p>Wer kam auf diese total verr\u00fcckte Idee, diese Renten\u00e4nderung aus Steuermitteln und nicht durch Beitr\u00e4ge (i.e. die Beitragszahler) zu finanzieren? (Ich hasse ungerechte Fremdfinanzierung.) Ich wei\u00df \u2026, da hat jemand erkannt, dass es im Bundestag weniger hartn\u00e4ckige Gegner geben wird als die Arbeitgeber und Arbeitnehmer als die Beitragszahler. Vor allem nat\u00fcrlich die Arbeitgeber \u2026 \u2013 deren furchtbar lauter Einspruch w\u00fcrde die Betreiber der Idee der &#8220;Rentenangleichung&#8221; nicht mehr froh werden lassen.\t\t\t\t<\/p>\n","protected":false},"excerpt":{"rendered":"<p>https:\/\/de.wikipedia.org\/wiki\/Rentenangleichung\u00a0\u2013 &#8220;Anpassung der Ost-Renten&#8221; Sicher, es gibt in der Tat schon den ganz, ganz schlimmen Miss-Stand, das die eine oder andere Rente aus Steuermitteln finanziert wird \u2013 das darf doch aber kein Massenph\u00e4nomen werden. Ich pers\u00f6nlich werde nie bedeutende Betr\u00e4ge in Form von Rente &#8220;entnehmen&#8221; d\u00fcrfen \u2013 aber ich sollte unter Umst\u00e4nden als Steuerzahler die\u00a0Rentenangleichung [&hellip;]<\/p>\n","protected":false},"author":1,"featured_media":0,"comment_status":"open","ping_status":"closed","sticky":false,"template":"","format":"standard","meta":{"_crdt_document":"","advanced_seo_description":"","jetpack_seo_html_title":"","jetpack_seo_noindex":false,"jetpack_post_was_ever_published":false,"_jetpack_newsletter_access":"","_jetpack_dont_email_post_to_subs":true,"_jetpack_newsletter_tier_id":0,"_jetpack_memberships_contains_paywalled_content":false,"_jetpack_memberships_contains_paid_content":false,"footnotes":"","jetpack_publicize_message":"","jetpack_publicize_feature_enabled":true,"jetpack_social_post_already_shared":false,"jetpack_social_options":{"image_generator_settings":{"template":"highway","default_image_id":0,"font":"","enabled":false},"version":2},"_share_on_mastodon":"0"},"categories":[352],"tags":[1199,1253],"class_list":["post-6282","post","type-post","status-publish","format-standard","hentry","category-nicht-zugeordnet","tag-rentenangleichung","tag-sozialversicherung"],"share_on_mastodon":{"url":"","error":""},"jetpack_publicize_connections":[],"jetpack_featured_media_url":"","jetpack_sharing_enabled":true,"jetpack_shortlink":"https:\/\/wp.me\/paO0l8-1Dk","jetpack_likes_enabled":true,"amp_enabled":true,"_links":{"self":[{"href":"https:\/\/wp.jochen.hayek.name\/blog-de\/wp-json\/wp\/v2\/posts\/6282","targetHints":{"allow":["GET"]}}],"collection":[{"href":"https:\/\/wp.jochen.hayek.name\/blog-de\/wp-json\/wp\/v2\/posts"}],"about":[{"href":"https:\/\/wp.jochen.hayek.name\/blog-de\/wp-json\/wp\/v2\/types\/post"}],"author":[{"embeddable":true,"href":"https:\/\/wp.jochen.hayek.name\/blog-de\/wp-json\/wp\/v2\/users\/1"}],"replies":[{"embeddable":true,"href":"https:\/\/wp.jochen.hayek.name\/blog-de\/wp-json\/wp\/v2\/comments?post=6282"}],"version-history":[{"count":0,"href":"https:\/\/wp.jochen.hayek.name\/blog-de\/wp-json\/wp\/v2\/posts\/6282\/revisions"}],"wp:attachment":[{"href":"https:\/\/wp.jochen.hayek.name\/blog-de\/wp-json\/wp\/v2\/media?parent=6282"}],"wp:term":[{"taxonomy":"category","embeddable":true,"href":"https:\/\/wp.jochen.hayek.name\/blog-de\/wp-json\/wp\/v2\/categories?post=6282"},{"taxonomy":"post_tag","embeddable":true,"href":"https:\/\/wp.jochen.hayek.name\/blog-de\/wp-json\/wp\/v2\/tags?post=6282"}],"curies":[{"name":"wp","href":"https:\/\/api.w.org\/{rel}","templated":true}]}}