{"id":6621,"date":"2017-01-04T12:11:09","date_gmt":"2017-01-04T11:11:09","guid":{"rendered":"http:\/\/www.b.shuttle.de\/hayek\/hayek\/jochen\/wp\/blog-de\/?p=6621"},"modified":"2017-01-04T12:11:09","modified_gmt":"2017-01-04T11:11:09","slug":"hilfe-mein-kuhlschrank-geht-nicht","status":"publish","type":"post","link":"https:\/\/wp.jochen.hayek.name\/blog-de\/2017\/01\/04\/hilfe-mein-kuhlschrank-geht-nicht\/","title":{"rendered":"&#8220;Hilfe, mein K\u00fchlschrank geht nicht!&#8221;"},"content":{"rendered":"<p>\t\t\t\tDas Licht in meinem K\u00fchlschrank brannte nicht mehr \u2013 das war das Erste, was ich bemerkte. Einen Ein-\/Aus-Schalter fand ich nicht, nach einer Gebrauchsanweisung suchte ich nicht \u2013 warum eigentlich nicht? keine ausreichende Ruhe, gestresst. Das Gefrierabteil ist schon 2 oder 3 Jahre nicht mehr im Betrieb \u2013 ich halte \/ hielt es auch f\u00fcr defekt.<\/p>\n<p>Ich rief beim Liebherr-Kundendienst an. Ich bekam triviale Fragen gestellt (&#8220;S&#8221; ist der Kundendienst bzw. Service, &#8220;JH&#8221; bin ich selbst):<\/p>\n<ul>\n<li>S: H\u00f6ren Sie denn Laufger\u00e4usche? JH: kann ich nicht sagen, dar\u00fcber ist noch ein Gefrierschrank; ich kann die Ger\u00e4usche nicht auseinanderhalten; ich stecke mal den Gefrierschrank aus; ooooo, ich komme ziemlich schlecht an die 220-Volt-Stecker; hmmm, kein Laufger\u00e4usch des K\u00fchlschranks vernehmbar.<\/li>\n<li>S: Funktioniert denn die Steckdose? Was passiert, wenn sie einen F\u00f6hn hineinstecken? (Raffiniert, der F\u00f6hn als Steckdosen-Pr\u00fcfer, hat wohl jeder, ist tragbar und der F\u00f6hn funktioniert wohl!) JH: Die Steckdose an sich funktioniert.<\/li>\n<li>S: Ist der K\u00fchlschrank ausgeschaltet? JH: Aber ich wei\u00df gar nicht, wie man ihn ein- oder ausschaltet.<\/li>\n<li>S: \u2026 Produktbezeichnung \u2026? JH: \u2026<\/li>\n<li>S: Ist das Rad oben auf &#8220;0&#8221; eingestellt? Was passiert, wenn sie es verstellen? JH: Ooooooo, der K\u00fchlschrank funktioniert ja doch, es war nuuuuur die Temperatureinstellung \u2026 (wer zum Teufel hat da herumgefingert??? Nachdenken \u00fcber die Verd\u00e4chtigen \u2026; beim Putzen? bei der Silvester-Party? \u2026) \u2013 und was ist nun die vorgeschlagene Einstellung? Aaaah, in der Mitte.<\/li>\n<li>S: Ben\u00f6tigen Sie sonst noch etwas? JH: \u2026 der Griff ist mal abgebrochen \u2026<\/li>\n<li>S: Ben\u00f6tigen Sie sonst noch etwas? JH: Die Gefrierabteilung geht schon l\u00e4nger nicht (kann auch schon 3 Jahre &#8220;au\u00dfer Betrieb&#8221; sein).<\/li>\n<li>S: Ist denn die &#8220;Superfrost&#8221;-Taste gedr\u00fcckt? JH: \u2026 \u00e4hm, nein \u2026<\/li>\n<li>S: Um festzustellen, ob die Gefrierabteilung jetzt doch (noch\/wieder) funktioniert, m\u00fcssen sie eine Zeitlang warten. Rufen Sie dann ggf. noch einmal an! (Vielleicht brachte sie die erwartete Leistung nur deshalb nicht, weil sie im Energiesparmodus war.) JH (zu mir\u00a0selbst): Was k\u00f6nnte ich denn mal testweise gefrieren, etwas sehr augenscheinliches? Ich stellte eine Form f\u00fcr Eisw\u00fcrfel hinein. Bin sehr gespannt.<\/li>\n<li>JH: W\u00e4re schon &#8220;lustig&#8221;, wenn die Gefrierabteilung nach 3 (?!?) Jahren wieder in Betrieb w\u00e4re.<\/li>\n<\/ul>\n","protected":false},"excerpt":{"rendered":"<p>Das Licht in meinem K\u00fchlschrank brannte nicht mehr \u2013 das war das Erste, was ich bemerkte. Einen Ein-\/Aus-Schalter fand ich nicht, nach einer Gebrauchsanweisung suchte ich nicht \u2013 warum eigentlich nicht? keine ausreichende Ruhe, gestresst. Das Gefrierabteil ist schon 2 oder 3 Jahre nicht mehr im Betrieb \u2013 ich halte \/ hielt es auch f\u00fcr [&hellip;]<\/p>\n","protected":false},"author":1,"featured_media":0,"comment_status":"open","ping_status":"closed","sticky":false,"template":"","format":"standard","meta":{"_crdt_document":"","advanced_seo_description":"","jetpack_seo_html_title":"","jetpack_seo_noindex":false,"jetpack_post_was_ever_published":false,"_jetpack_newsletter_access":"","_jetpack_dont_email_post_to_subs":false,"_jetpack_newsletter_tier_id":0,"_jetpack_memberships_contains_paywalled_content":false,"_jetpack_memberships_contains_paid_content":false,"footnotes":"","jetpack_publicize_message":"","jetpack_publicize_feature_enabled":true,"jetpack_social_post_already_shared":true,"jetpack_social_options":{"image_generator_settings":{"template":"highway","default_image_id":0,"font":"","enabled":false},"version":2},"_share_on_mastodon":"0"},"categories":[352],"tags":[],"class_list":["post-6621","post","type-post","status-publish","format-standard","hentry","category-nicht-zugeordnet"],"share_on_mastodon":{"url":"","error":""},"jetpack_publicize_connections":[],"jetpack_featured_media_url":"","jetpack_sharing_enabled":true,"jetpack_shortlink":"https:\/\/wp.me\/paO0l8-1IN","jetpack_likes_enabled":true,"amp_enabled":true,"_links":{"self":[{"href":"https:\/\/wp.jochen.hayek.name\/blog-de\/wp-json\/wp\/v2\/posts\/6621","targetHints":{"allow":["GET"]}}],"collection":[{"href":"https:\/\/wp.jochen.hayek.name\/blog-de\/wp-json\/wp\/v2\/posts"}],"about":[{"href":"https:\/\/wp.jochen.hayek.name\/blog-de\/wp-json\/wp\/v2\/types\/post"}],"author":[{"embeddable":true,"href":"https:\/\/wp.jochen.hayek.name\/blog-de\/wp-json\/wp\/v2\/users\/1"}],"replies":[{"embeddable":true,"href":"https:\/\/wp.jochen.hayek.name\/blog-de\/wp-json\/wp\/v2\/comments?post=6621"}],"version-history":[{"count":0,"href":"https:\/\/wp.jochen.hayek.name\/blog-de\/wp-json\/wp\/v2\/posts\/6621\/revisions"}],"wp:attachment":[{"href":"https:\/\/wp.jochen.hayek.name\/blog-de\/wp-json\/wp\/v2\/media?parent=6621"}],"wp:term":[{"taxonomy":"category","embeddable":true,"href":"https:\/\/wp.jochen.hayek.name\/blog-de\/wp-json\/wp\/v2\/categories?post=6621"},{"taxonomy":"post_tag","embeddable":true,"href":"https:\/\/wp.jochen.hayek.name\/blog-de\/wp-json\/wp\/v2\/tags?post=6621"}],"curies":[{"name":"wp","href":"https:\/\/api.w.org\/{rel}","templated":true}]}}