{"id":743,"date":"2011-11-05T16:37:00","date_gmt":"2011-11-05T16:37:00","guid":{"rendered":"http:\/\/www.b.shuttle.de\/hayek\/Hayek\/Jochen\/wp\/blog-de\/2011\/11\/05\/mein-verlorener-sohn-beschloss-heute-bei-mir-einzuziehen\/"},"modified":"2011-11-05T16:37:00","modified_gmt":"2011-11-05T16:37:00","slug":"mein-verlorener-sohn-beschloss-heute-bei-mir-einzuziehen","status":"publish","type":"post","link":"https:\/\/wp.jochen.hayek.name\/blog-de\/2011\/11\/05\/mein-verlorener-sohn-beschloss-heute-bei-mir-einzuziehen\/","title":{"rendered":"mein verlorener Sohn beschloss heute, bei mir einzuziehen"},"content":{"rendered":"<p>\t\t\t\tEr wird in wenigen Minuten bei mir sein.<br \/>\nUuuh, mal schauen, welche Auswirkungen das auf mein Leben haben wird!<br \/>\nJedenfalls fr\u00fch aufstehen! Man kann ein Kind ja schlecht alleine fr\u00fchst\u00fccken lassen.<br \/>\nDer Karren Schule steckt anscheinend tief im Schlamm. Mal schauen, wie wir den in Bewegung bekommen! Bin ziemlich aufgew\u00fchlt.<\/p>\n<p>Update \u00a02011-11-11:<br \/>\nEs war schon recht bald klar, dass er sich wirklich gar nicht daf\u00fcr entschieden hat, zu mir zu kommen, sondern dass ihm seine Mutter gewisserma\u00dfen den Koffer vor die T\u00fcr gestellt und sicher gestellt hatte, dass er bei mir unterkommt.<\/p>\n","protected":false},"excerpt":{"rendered":"<p>Er wird in wenigen Minuten bei mir sein. Uuuh, mal schauen, welche Auswirkungen das auf mein Leben haben wird! Jedenfalls fr\u00fch aufstehen! Man kann ein Kind ja schlecht alleine fr\u00fchst\u00fccken lassen. Der Karren Schule steckt anscheinend tief im Schlamm. Mal schauen, wie wir den in Bewegung bekommen! Bin ziemlich aufgew\u00fchlt. Update \u00a02011-11-11: Es war schon [&hellip;]<\/p>\n","protected":false},"author":1,"featured_media":0,"comment_status":"open","ping_status":"open","sticky":false,"template":"","format":"standard","meta":{"_crdt_document":"","advanced_seo_description":"","jetpack_seo_html_title":"","jetpack_seo_noindex":false,"jetpack_post_was_ever_published":false,"_jetpack_newsletter_access":"","_jetpack_dont_email_post_to_subs":false,"_jetpack_newsletter_tier_id":0,"_jetpack_memberships_contains_paywalled_content":false,"_jetpack_memberships_contains_paid_content":false,"footnotes":"","jetpack_publicize_message":"","jetpack_publicize_feature_enabled":true,"jetpack_social_post_already_shared":false,"jetpack_social_options":{"image_generator_settings":{"template":"highway","default_image_id":0,"font":"","enabled":false},"version":2},"_share_on_mastodon":"0"},"categories":[87],"tags":[],"class_list":["post-743","post","type-post","status-publish","format-standard","hentry","category-das-leben"],"share_on_mastodon":{"url":"","error":""},"jetpack_publicize_connections":[],"jetpack_featured_media_url":"","jetpack_sharing_enabled":true,"jetpack_shortlink":"https:\/\/wp.me\/paO0l8-bZ","jetpack_likes_enabled":true,"amp_enabled":true,"_links":{"self":[{"href":"https:\/\/wp.jochen.hayek.name\/blog-de\/wp-json\/wp\/v2\/posts\/743","targetHints":{"allow":["GET"]}}],"collection":[{"href":"https:\/\/wp.jochen.hayek.name\/blog-de\/wp-json\/wp\/v2\/posts"}],"about":[{"href":"https:\/\/wp.jochen.hayek.name\/blog-de\/wp-json\/wp\/v2\/types\/post"}],"author":[{"embeddable":true,"href":"https:\/\/wp.jochen.hayek.name\/blog-de\/wp-json\/wp\/v2\/users\/1"}],"replies":[{"embeddable":true,"href":"https:\/\/wp.jochen.hayek.name\/blog-de\/wp-json\/wp\/v2\/comments?post=743"}],"version-history":[{"count":0,"href":"https:\/\/wp.jochen.hayek.name\/blog-de\/wp-json\/wp\/v2\/posts\/743\/revisions"}],"wp:attachment":[{"href":"https:\/\/wp.jochen.hayek.name\/blog-de\/wp-json\/wp\/v2\/media?parent=743"}],"wp:term":[{"taxonomy":"category","embeddable":true,"href":"https:\/\/wp.jochen.hayek.name\/blog-de\/wp-json\/wp\/v2\/categories?post=743"},{"taxonomy":"post_tag","embeddable":true,"href":"https:\/\/wp.jochen.hayek.name\/blog-de\/wp-json\/wp\/v2\/tags?post=743"}],"curies":[{"name":"wp","href":"https:\/\/api.w.org\/{rel}","templated":true}]}}