{"id":9058,"date":"2018-10-07T12:05:14","date_gmt":"2018-10-07T10:05:14","guid":{"rendered":"http:\/\/www.b.shuttle.de\/hayek\/hayek\/jochen\/wp\/blog-de\/?p=9058"},"modified":"2018-10-07T12:05:14","modified_gmt":"2018-10-07T10:05:14","slug":"oper-in-der-staatsoper-berlin-carl-maria-von-weber-der-freischutz","status":"publish","type":"post","link":"https:\/\/wp.jochen.hayek.name\/blog-de\/2018\/10\/07\/oper-in-der-staatsoper-berlin-carl-maria-von-weber-der-freischutz\/","title":{"rendered":"Oper in der Staatsoper Berlin: Carl Maria von Weber: Der Freisch\u00fctz \u2013 mein Samstag-Abend-Vergn\u00fcgen"},"content":{"rendered":"<ul>\n<li><a href=\"https:\/\/de.wikipedia.org\/wiki\/Der_Freisch\u00fctz\">https:\/\/de.wikipedia.org\/wiki\/Der_Freisch\u00fctz<\/a><\/li>\n<li><a href=\"https:\/\/de.wikipedia.org\/wiki\/Carl_Maria_von_Weber\">https:\/\/de.wikipedia.org\/wiki\/Carl_Maria_von_Weber<\/a><\/li>\n<li><a href=\"https:\/\/de.wikipedia.org\/wiki\/Staatsoper_Unter_den_Linden\">https:\/\/de.wikipedia.org\/wiki\/Staatsoper_Unter_den_Linden<\/a><\/li>\n<li><a href=\"https:\/\/www.staatsoper-berlin.de\/de\/veranstaltungen\/der-freischuetz.2745\/?spielzeit=2018-2019\">https:\/\/www.staatsoper-berlin.de\/de\/veranstaltungen\/der-freischuetz.2745\/?spielzeit=2018-2019<\/a><\/li>\n<li><a href=\"https:\/\/www.staatsoper-berlin.de\/de\/veranstaltungen\/der-freischuetz.2745\/#event-10287\">https:\/\/www.staatsoper-berlin.de\/de\/veranstaltungen\/der-freischuetz.2745\/#event-10287<\/a><\/li>\n<li>\u00a0\u2013 6. Oktober 2018<\/li>\n<li><a href=\"https:\/\/www.staatsoper-berlin.de\/de\/veranstaltungen\/der-freischuetz.2745\">https:\/\/www.staatsoper-berlin.de\/de\/veranstaltungen\/der-freischuetz.2745<\/a><\/li>\n<\/ul>\n<p>Die Musik (Gesang und Orchester) gefiel mir sehr, das B\u00fchnenbild war etwas puristisch, die Geschichte ist mir etwas zu d\u00e4monisch \u2013 zum Gl\u00fcck informierte ich mich \u00fcber die Geschichte etc. erst, nachdem ich die Eintrittskarten gebucht hatte. Auch die &#8220;deutsch-nationale&#8221; sp\u00e4tere Verankerung der Oper \u00fcbersteigt mein pers\u00f6nliches Bed\u00fcrfnis\u00a0 \ud83d\ude44 \u2013 aber ich konnte die Vorstellung insgesamt auf jeden Fall sehr genie\u00dfen.\t\t\t\t<\/p>\n","protected":false},"excerpt":{"rendered":"<p>https:\/\/de.wikipedia.org\/wiki\/Der_Freisch\u00fctz https:\/\/de.wikipedia.org\/wiki\/Carl_Maria_von_Weber https:\/\/de.wikipedia.org\/wiki\/Staatsoper_Unter_den_Linden https:\/\/www.staatsoper-berlin.de\/de\/veranstaltungen\/der-freischuetz.2745\/?spielzeit=2018-2019 https:\/\/www.staatsoper-berlin.de\/de\/veranstaltungen\/der-freischuetz.2745\/#event-10287 \u00a0\u2013 6. Oktober 2018 https:\/\/www.staatsoper-berlin.de\/de\/veranstaltungen\/der-freischuetz.2745 Die Musik (Gesang und Orchester) gefiel mir sehr, das B\u00fchnenbild war etwas puristisch, die Geschichte ist mir etwas zu d\u00e4monisch \u2013 zum Gl\u00fcck informierte ich mich \u00fcber die Geschichte etc. erst, nachdem ich die Eintrittskarten gebucht hatte. Auch die &#8220;deutsch-nationale&#8221; sp\u00e4tere Verankerung der Oper \u00fcbersteigt [&hellip;]<\/p>\n","protected":false},"author":1,"featured_media":0,"comment_status":"open","ping_status":"closed","sticky":false,"template":"","format":"link","meta":{"_crdt_document":"","advanced_seo_description":"","jetpack_seo_html_title":"","jetpack_seo_noindex":false,"jetpack_post_was_ever_published":false,"_jetpack_newsletter_access":"","_jetpack_dont_email_post_to_subs":false,"_jetpack_newsletter_tier_id":0,"_jetpack_memberships_contains_paywalled_content":false,"_jetpack_memberships_contains_paid_content":false,"footnotes":"","jetpack_publicize_message":"","jetpack_publicize_feature_enabled":true,"jetpack_social_post_already_shared":true,"jetpack_social_options":{"image_generator_settings":{"template":"highway","default_image_id":0,"font":"","enabled":false},"version":2},"_share_on_mastodon":"0"},"categories":[273],"tags":[],"class_list":["post-9058","post","type-post","status-publish","format-link","hentry","category-kultur","post_format-post-format-link"],"share_on_mastodon":{"url":"","error":""},"jetpack_publicize_connections":[],"jetpack_featured_media_url":"","jetpack_sharing_enabled":true,"jetpack_shortlink":"https:\/\/wp.me\/paO0l8-2m6","jetpack_likes_enabled":true,"amp_enabled":true,"_links":{"self":[{"href":"https:\/\/wp.jochen.hayek.name\/blog-de\/wp-json\/wp\/v2\/posts\/9058","targetHints":{"allow":["GET"]}}],"collection":[{"href":"https:\/\/wp.jochen.hayek.name\/blog-de\/wp-json\/wp\/v2\/posts"}],"about":[{"href":"https:\/\/wp.jochen.hayek.name\/blog-de\/wp-json\/wp\/v2\/types\/post"}],"author":[{"embeddable":true,"href":"https:\/\/wp.jochen.hayek.name\/blog-de\/wp-json\/wp\/v2\/users\/1"}],"replies":[{"embeddable":true,"href":"https:\/\/wp.jochen.hayek.name\/blog-de\/wp-json\/wp\/v2\/comments?post=9058"}],"version-history":[{"count":0,"href":"https:\/\/wp.jochen.hayek.name\/blog-de\/wp-json\/wp\/v2\/posts\/9058\/revisions"}],"wp:attachment":[{"href":"https:\/\/wp.jochen.hayek.name\/blog-de\/wp-json\/wp\/v2\/media?parent=9058"}],"wp:term":[{"taxonomy":"category","embeddable":true,"href":"https:\/\/wp.jochen.hayek.name\/blog-de\/wp-json\/wp\/v2\/categories?post=9058"},{"taxonomy":"post_tag","embeddable":true,"href":"https:\/\/wp.jochen.hayek.name\/blog-de\/wp-json\/wp\/v2\/tags?post=9058"}],"curies":[{"name":"wp","href":"https:\/\/api.w.org\/{rel}","templated":true}]}}