{"id":9561,"date":"2019-02-20T13:53:25","date_gmt":"2019-02-20T12:53:25","guid":{"rendered":"http:\/\/www.b.shuttle.de\/hayek\/hayek\/jochen\/wp\/blog-de\/?p=9561"},"modified":"2019-02-20T13:53:25","modified_gmt":"2019-02-20T12:53:25","slug":"raben-kalender-2019-02-09","status":"publish","type":"post","link":"https:\/\/wp.jochen.hayek.name\/blog-de\/2019\/02\/20\/raben-kalender-2019-02-09\/","title":{"rendered":"Kalender-Blatt vom 9. Februar 2019"},"content":{"rendered":"\n\t\t\t\t\n\t\t\t\t\n<blockquote class=\"wp-block-quote is-layout-flow wp-block-quote-is-layout-flow\"><p>In Sachen Ehrlichkeit hatte ich einen gro\u00dfen Schritt in die moralisch richtige Richtung getan, in Sachen Erlebnisf\u00fclle allerdings f\u00fchlte es sich nach einem erheblichen R\u00fcckschritt an.<\/p><cite>Joachim Meyerhoff, die Zweisamkeit der Einzelg\u00e4nger (no more Franka, Kapitel 30, Seite 398)<\/cite><\/blockquote>\n\n\n\n<ul class=\"wp-block-list\"><li><a href=\"https:\/\/de.wikipedia.org\/wiki\/Joachim_Meyerhoff\">https:\/\/de.wikipedia.org\/wiki\/Joachim_Meyerhoff<\/a><\/li><li><a href=\"https:\/\/de.wikipedia.org\/wiki\/Spezial:ISBN-Suche\/9783462049442\">https:\/\/de.wikipedia.org\/wiki\/Spezial:ISBN-Suche\/9783462049442<\/a><\/li><li><a href=\"https:\/\/www.worldcat.org\/oclc\/1002888928\">https:\/\/www.worldcat.org\/oclc\/1002888928<\/a><\/li><\/ul>\n\t\t\t\t","protected":false},"excerpt":{"rendered":"<p>In Sachen Ehrlichkeit hatte ich einen gro\u00dfen Schritt in die moralisch richtige Richtung getan, in Sachen Erlebnisf\u00fclle allerdings f\u00fchlte es sich nach einem erheblichen R\u00fcckschritt an. Joachim Meyerhoff, die Zweisamkeit der Einzelg\u00e4nger (no more Franka, Kapitel 30, Seite 398) https:\/\/de.wikipedia.org\/wiki\/Joachim_Meyerhoff https:\/\/de.wikipedia.org\/wiki\/Spezial:ISBN-Suche\/9783462049442 https:\/\/www.worldcat.org\/oclc\/1002888928<\/p>\n","protected":false},"author":1,"featured_media":0,"comment_status":"open","ping_status":"closed","sticky":false,"template":"","format":"quote","meta":{"_crdt_document":"","advanced_seo_description":"","jetpack_seo_html_title":"","jetpack_seo_noindex":false,"jetpack_post_was_ever_published":false,"_jetpack_newsletter_access":"","_jetpack_dont_email_post_to_subs":false,"_jetpack_newsletter_tier_id":0,"_jetpack_memberships_contains_paywalled_content":false,"_jetpack_memberships_contains_paid_content":false,"footnotes":"","jetpack_publicize_message":"","jetpack_publicize_feature_enabled":true,"jetpack_social_post_already_shared":true,"jetpack_social_options":{"image_generator_settings":{"template":"highway","default_image_id":0,"font":"","enabled":false},"version":2},"_share_on_mastodon":"0"},"categories":[418],"tags":[1035],"class_list":["post-9561","post","type-post","status-publish","format-quote","hentry","category-raben-kalender","tag-joachim-meyerhoff","post_format-post-format-quote"],"share_on_mastodon":{"url":"","error":""},"jetpack_publicize_connections":[],"jetpack_featured_media_url":"","jetpack_sharing_enabled":true,"jetpack_shortlink":"https:\/\/wp.me\/paO0l8-2ud","jetpack_likes_enabled":true,"amp_enabled":true,"_links":{"self":[{"href":"https:\/\/wp.jochen.hayek.name\/blog-de\/wp-json\/wp\/v2\/posts\/9561","targetHints":{"allow":["GET"]}}],"collection":[{"href":"https:\/\/wp.jochen.hayek.name\/blog-de\/wp-json\/wp\/v2\/posts"}],"about":[{"href":"https:\/\/wp.jochen.hayek.name\/blog-de\/wp-json\/wp\/v2\/types\/post"}],"author":[{"embeddable":true,"href":"https:\/\/wp.jochen.hayek.name\/blog-de\/wp-json\/wp\/v2\/users\/1"}],"replies":[{"embeddable":true,"href":"https:\/\/wp.jochen.hayek.name\/blog-de\/wp-json\/wp\/v2\/comments?post=9561"}],"version-history":[{"count":0,"href":"https:\/\/wp.jochen.hayek.name\/blog-de\/wp-json\/wp\/v2\/posts\/9561\/revisions"}],"wp:attachment":[{"href":"https:\/\/wp.jochen.hayek.name\/blog-de\/wp-json\/wp\/v2\/media?parent=9561"}],"wp:term":[{"taxonomy":"category","embeddable":true,"href":"https:\/\/wp.jochen.hayek.name\/blog-de\/wp-json\/wp\/v2\/categories?post=9561"},{"taxonomy":"post_tag","embeddable":true,"href":"https:\/\/wp.jochen.hayek.name\/blog-de\/wp-json\/wp\/v2\/tags?post=9561"}],"curies":[{"name":"wp","href":"https:\/\/api.w.org\/{rel}","templated":true}]}}