{"id":9566,"date":"2019-02-16T02:01:34","date_gmt":"2019-02-16T01:01:34","guid":{"rendered":"http:\/\/www.b.shuttle.de\/hayek\/hayek\/jochen\/wp\/blog-de\/?p=9566"},"modified":"2019-02-16T02:01:34","modified_gmt":"2019-02-16T01:01:34","slug":"valentinstag","status":"publish","type":"post","link":"https:\/\/wp.jochen.hayek.name\/blog-de\/2019\/02\/16\/valentinstag\/","title":{"rendered":"was bedeutet eigentlich Valentinstag?"},"content":{"rendered":"\n\t\t\t\t\n\t\t\t\t\n<ul class=\"wp-block-list\"><li><a href=\"https:\/\/de.wikipedia.org\/wiki\/Valentinstag\">https:\/\/de.wikipedia.org\/wiki\/Valentinstag<\/a><\/li><li><a href=\"https:\/\/de.wikipedia.org\/wiki\/Valentin_von_Terni\">https:\/\/de.wikipedia.org\/wiki\/Valentin_von_Terni<\/a><\/li><\/ul>\n\n\n\n<p class=\"wp-block-paragraph\">Nun, der 14. 2. ist der Tag, an welchem des Valentin von Terni gedacht wird und welcher aus kommerziellen Gr\u00fcnden zunehmend auch au\u00dferhalb der U.S.A. als P\u00e4rchentag gefeiert wird.<\/p>\n\n\n\n<p class=\"wp-block-paragraph\">Valentin von Terni ist ein Heiliger und M\u00e4rtyrer der r\u00f6misch-katholischen Kirche. Im 3. Jahrhundert nach Christus war er Bischof von Interamna, dem heutigen Terni. Valentin von Terni wird heutzutage als Patron der Liebenden verehrt, so dass auf ihn das Brauchtum des Valentinstags zur\u00fcckgeht.<\/p>\n\n\n\n<p class=\"wp-block-paragraph\">Er soll als Priester Liebespaare trotz des Verbots christlich getraut haben und deswegen am 14. Februar 269 hingerichtet worden sein. Zudem habe Valentin den frisch verheirateten Paaren Blumen aus seinem Garten geschenkt.<\/p>\n\n\n\n<p class=\"wp-block-paragraph\">Der Valentinstag ist ein Fest in der anglikanischen Gemeinschaft und der lutherischen Kirche.<\/p>\n\n\n\n<p class=\"wp-block-paragraph\">Die Feierlichkeiten, Traditionen und Br\u00e4uche zum Valentinstag entwickelten sich seit der fr\u00fchen Moderne in England. Im 19. Jahrhundert verbreiteten sie sich in der englischsprachigen Welt und seit dem sp\u00e4ten 20. und fr\u00fchen 21. Jahrhundert dar\u00fcber hinaus, bis nach Ostasien.<\/p>\n\n\n\n<p class=\"wp-block-paragraph\">Der Einzelhandel inspiriert Liebende dazu, an diesem Tag Geschenkchen auszutauschen \u2013 dazu erinnert er sie bereits im Januar daran, damit der Rubel auch gut rollt.<\/p>\n\t\t\t\t","protected":false},"excerpt":{"rendered":"<p>https:\/\/de.wikipedia.org\/wiki\/Valentinstag https:\/\/de.wikipedia.org\/wiki\/Valentin_von_Terni Nun, der 14. 2. ist der Tag, an welchem des Valentin von Terni gedacht wird und welcher aus kommerziellen Gr\u00fcnden zunehmend auch au\u00dferhalb der U.S.A. als P\u00e4rchentag gefeiert wird. Valentin von Terni ist ein Heiliger und M\u00e4rtyrer der r\u00f6misch-katholischen Kirche. Im 3. Jahrhundert nach Christus war er Bischof von Interamna, dem heutigen Terni. [&hellip;]<\/p>\n","protected":false},"author":1,"featured_media":0,"comment_status":"open","ping_status":"closed","sticky":false,"template":"","format":"standard","meta":{"_crdt_document":"","advanced_seo_description":"","jetpack_seo_html_title":"","jetpack_seo_noindex":false,"jetpack_post_was_ever_published":false,"_jetpack_newsletter_access":"","_jetpack_dont_email_post_to_subs":false,"_jetpack_newsletter_tier_id":0,"_jetpack_memberships_contains_paywalled_content":false,"_jetpack_memberships_contains_paid_content":false,"footnotes":"","jetpack_publicize_message":"","jetpack_publicize_feature_enabled":true,"jetpack_social_post_already_shared":true,"jetpack_social_options":{"image_generator_settings":{"template":"highway","default_image_id":0,"font":"","enabled":false},"version":2},"_share_on_mastodon":"0"},"categories":[659,166,561],"tags":[],"class_list":["post-9566","post","type-post","status-publish","format-standard","hentry","category-die-liebe","category-gesellschaft","category-usa"],"share_on_mastodon":{"url":"","error":""},"jetpack_publicize_connections":[],"jetpack_featured_media_url":"","jetpack_sharing_enabled":true,"jetpack_shortlink":"https:\/\/wp.me\/paO0l8-2ui","jetpack_likes_enabled":true,"amp_enabled":true,"_links":{"self":[{"href":"https:\/\/wp.jochen.hayek.name\/blog-de\/wp-json\/wp\/v2\/posts\/9566","targetHints":{"allow":["GET"]}}],"collection":[{"href":"https:\/\/wp.jochen.hayek.name\/blog-de\/wp-json\/wp\/v2\/posts"}],"about":[{"href":"https:\/\/wp.jochen.hayek.name\/blog-de\/wp-json\/wp\/v2\/types\/post"}],"author":[{"embeddable":true,"href":"https:\/\/wp.jochen.hayek.name\/blog-de\/wp-json\/wp\/v2\/users\/1"}],"replies":[{"embeddable":true,"href":"https:\/\/wp.jochen.hayek.name\/blog-de\/wp-json\/wp\/v2\/comments?post=9566"}],"version-history":[{"count":0,"href":"https:\/\/wp.jochen.hayek.name\/blog-de\/wp-json\/wp\/v2\/posts\/9566\/revisions"}],"wp:attachment":[{"href":"https:\/\/wp.jochen.hayek.name\/blog-de\/wp-json\/wp\/v2\/media?parent=9566"}],"wp:term":[{"taxonomy":"category","embeddable":true,"href":"https:\/\/wp.jochen.hayek.name\/blog-de\/wp-json\/wp\/v2\/categories?post=9566"},{"taxonomy":"post_tag","embeddable":true,"href":"https:\/\/wp.jochen.hayek.name\/blog-de\/wp-json\/wp\/v2\/tags?post=9566"}],"curies":[{"name":"wp","href":"https:\/\/api.w.org\/{rel}","templated":true}]}}