{"id":9583,"date":"2019-02-19T10:46:20","date_gmt":"2019-02-19T09:46:20","guid":{"rendered":"http:\/\/www.b.shuttle.de\/hayek\/hayek\/jochen\/wp\/blog-de\/?p=9583"},"modified":"2019-02-19T10:46:20","modified_gmt":"2019-02-19T09:46:20","slug":"raben-kalender-2019-02-11","status":"publish","type":"post","link":"https:\/\/wp.jochen.hayek.name\/blog-de\/2019\/02\/19\/raben-kalender-2019-02-11\/","title":{"rendered":"Kalender-Blatt vom 11. Februar 2019"},"content":{"rendered":"\n\t\t\t\t\n\t\t\t\t\n<blockquote class=\"wp-block-quote is-layout-flow wp-block-quote-is-layout-flow\"><p>Ich will vom Leben der wei\u00dfen Gluten,<br>Der Sonne und von der Wolke Morgenbl\u00fcten<\/p><p>Dem quellenden Rot der Himmelsbrust.<br>Bis meine Lippen sich weider f\u00e4rben<br>und junger Odem durchstr\u00f6mt meine Brust \u2026<br>Ich will nicht sterben!<\/p><cite>Else Lasker-Sch\u00fcler<\/cite><\/blockquote>\n\n\n\n<ul class=\"wp-block-list\"><li><a href=\"https:\/\/de.wikipedia.org\/wiki\/Else_Lasker-Sch\u00fcler\">https:\/\/de.wikipedia.org\/wiki\/Else_Lasker-Sch\u00fcler<\/a><\/li><\/ul>\n\t\t\t\t","protected":false},"excerpt":{"rendered":"<p>Ich will vom Leben der wei\u00dfen Gluten,Der Sonne und von der Wolke Morgenbl\u00fcten Dem quellenden Rot der Himmelsbrust.Bis meine Lippen sich weider f\u00e4rbenund junger Odem durchstr\u00f6mt meine Brust \u2026Ich will nicht sterben! Else Lasker-Sch\u00fcler https:\/\/de.wikipedia.org\/wiki\/Else_Lasker-Sch\u00fcler<\/p>\n","protected":false},"author":1,"featured_media":0,"comment_status":"open","ping_status":"closed","sticky":false,"template":"","format":"quote","meta":{"_crdt_document":"","advanced_seo_description":"","jetpack_seo_html_title":"","jetpack_seo_noindex":false,"jetpack_post_was_ever_published":false,"_jetpack_newsletter_access":"","_jetpack_dont_email_post_to_subs":false,"_jetpack_newsletter_tier_id":0,"_jetpack_memberships_contains_paywalled_content":false,"_jetpack_memberships_contains_paid_content":false,"footnotes":"","jetpack_publicize_message":"","jetpack_publicize_feature_enabled":true,"jetpack_social_post_already_shared":true,"jetpack_social_options":{"image_generator_settings":{"template":"highway","default_image_id":0,"font":"","enabled":false},"version":2},"_share_on_mastodon":"0"},"categories":[418],"tags":[],"class_list":["post-9583","post","type-post","status-publish","format-quote","hentry","category-raben-kalender","post_format-post-format-quote"],"share_on_mastodon":{"url":"","error":""},"jetpack_publicize_connections":[],"jetpack_featured_media_url":"","jetpack_sharing_enabled":true,"jetpack_shortlink":"https:\/\/wp.me\/paO0l8-2uz","jetpack_likes_enabled":true,"amp_enabled":true,"_links":{"self":[{"href":"https:\/\/wp.jochen.hayek.name\/blog-de\/wp-json\/wp\/v2\/posts\/9583","targetHints":{"allow":["GET"]}}],"collection":[{"href":"https:\/\/wp.jochen.hayek.name\/blog-de\/wp-json\/wp\/v2\/posts"}],"about":[{"href":"https:\/\/wp.jochen.hayek.name\/blog-de\/wp-json\/wp\/v2\/types\/post"}],"author":[{"embeddable":true,"href":"https:\/\/wp.jochen.hayek.name\/blog-de\/wp-json\/wp\/v2\/users\/1"}],"replies":[{"embeddable":true,"href":"https:\/\/wp.jochen.hayek.name\/blog-de\/wp-json\/wp\/v2\/comments?post=9583"}],"version-history":[{"count":0,"href":"https:\/\/wp.jochen.hayek.name\/blog-de\/wp-json\/wp\/v2\/posts\/9583\/revisions"}],"wp:attachment":[{"href":"https:\/\/wp.jochen.hayek.name\/blog-de\/wp-json\/wp\/v2\/media?parent=9583"}],"wp:term":[{"taxonomy":"category","embeddable":true,"href":"https:\/\/wp.jochen.hayek.name\/blog-de\/wp-json\/wp\/v2\/categories?post=9583"},{"taxonomy":"post_tag","embeddable":true,"href":"https:\/\/wp.jochen.hayek.name\/blog-de\/wp-json\/wp\/v2\/tags?post=9583"}],"curies":[{"name":"wp","href":"https:\/\/api.w.org\/{rel}","templated":true}]}}